{"id":117,"date":"2025-07-23T21:16:57","date_gmt":"2025-07-24T01:16:57","guid":{"rendered":"https:\/\/waracomunicaciones.com\/wp\/?p=117"},"modified":"2025-07-24T06:09:15","modified_gmt":"2025-07-24T10:09:15","slug":"bolivar-aplasta-a-palestino-en-la-sudamericana-y-se-ira-a-cusco","status":"publish","type":"post","link":"https:\/\/waracomunicaciones.com\/?p=117","title":{"rendered":"Bol\u00edvar aplasta a Palestino en la Sudamericana y se ir\u00e1 a Cusco"},"content":{"rendered":"\n<figure class=\"wp-block-image size-full\"><img loading=\"lazy\" decoding=\"async\" width=\"750\" height=\"501\" src=\"https:\/\/waracomunicaciones.com\/wp\/wp-content\/uploads\/2025\/07\/BOLIVAR.webp\" alt=\"\" class=\"wp-image-118\" srcset=\"https:\/\/waracomunicaciones.com\/wp-content\/uploads\/2025\/07\/BOLIVAR.webp 750w, https:\/\/waracomunicaciones.com\/wp-content\/uploads\/2025\/07\/BOLIVAR-300x200.webp 300w\" sizes=\"auto, (max-width: 750px) 100vw, 750px\" \/><\/figure>\n\n\n<p>Bol\u00edvar sac\u00f3 boleto para enfrentar al peruano\u00a0<a href=\"https:\/\/www.facebook.com\/share\/15GpivtzTD\/\">Cienciano<\/a>, de Cusco, luego de que este mi\u00e9rcoles en Santiago, derrot\u00f3 por 0-3 al chileno Palestino y se anot\u00f3 en los octavos de la Conmebol Sudamericana, con un global de 6-0.<!--more--><\/p>\n<p>El partido se disput\u00f3 en el estadio Nacional Julio Mart\u00ednez Pr\u00e1danos, ante un p\u00fablico local expectante, que presenci\u00f3 una noche grandiosa del equipo boliviano.<\/p>\n<p>A los 4 minutos, Bol\u00edvar gener\u00f3 la primera llegada con una combinaci\u00f3n entre Rocha y Cata\u00f1o, aunque sin definici\u00f3n efectiva.<\/p>\n<p>Palestino se asent\u00f3 en el campo y empez\u00f3 a manejar el bal\u00f3n. Sin embargo, el equipo pace\u00f1o fue m\u00e1s efectivo.<\/p>\n<p>El colombiano Daniel Cata\u00f1o recibi\u00f3 amarilla a los 13 minutos tras un codazo sobre un rival chileno.<\/p>\n<h4>LLEGAN LOS GOLES<\/h4>\n<p>Pese al dominio local, Bol\u00edvar aprovech\u00f3 un lateral ofensivo para armar una jugada colectiva que termin\u00f3 en gol.<\/p>\n<p>Mart\u00edn Cauteruccio habilit\u00f3 al medio, Batallini remat\u00f3, el bal\u00f3n rebot\u00f3 en un defensor y Cata\u00f1o defini\u00f3 para el 0-1 a los 24\u2019.<\/p>\n<p>Cuatro minutos despu\u00e9s, tras un tiro de esquina ejecutado por Cata\u00f1o y una mala salida del portero P\u00e9rez, Sagredo cabece\u00f3 y anot\u00f3 el 0-2.<\/p>\n<p>Z\u00fa\u00f1iga casi descuenta a los 32 minutos, pero Lampe salv\u00f3 con una gran atajada. Fue la mejor chance de Palestino en el primer tiempo.<\/p>\n<h4>RE\u00d1IDO<\/h4>\n<p>El juego fue friccionado y Ariel Mart\u00ednez, del conjunto chileno, fue amonestado a los 34 minutos por una dura entrada.<\/p>\n<p>La \u2018Academia\u2019 tom\u00f3 el control total del partido. Mantuvo la posesi\u00f3n, gener\u00f3 m\u00e1s ataques y busc\u00f3 ampliar la diferencia.<\/p>\n<p>Sobre el final del primer tiempo, Ronnie Fern\u00e1ndez casi convierte para Palestino y Rocha salv\u00f3 en la l\u00ednea otra ocasi\u00f3n clara.<\/p>\n<p>El primer tiempo concluy\u00f3 con un s\u00f3lido 0-2 favorable a la \u2018Academia\u2019 pace\u00f1a, que mostr\u00f3 contundencia y orden.<\/p>\n<h4>SEGUNDO TIEMPO<\/h4>\n<p>A los 6 minutos, Palestino estuvo cerca del descuento con un cabezazo desviado tras centro por derecha. Un minuto despu\u00e9s, el travesa\u00f1o salv\u00f3 a Lampe.<\/p>\n<p>Bol\u00edvar mantuvo el orden defensivo, administr\u00f3 el bal\u00f3n y busc\u00f3 el tercer gol para cerrar la serie.<\/p>\n<p>A los 22 minutos, Cata\u00f1o inici\u00f3 una jugada por derecha, asisti\u00f3 a Cauteruccio, quien eludi\u00f3 dos marcas y defini\u00f3 el 0-3.<\/p>\n<p>Con la serie pr\u00e1cticamente sentenciada, Palestino perdi\u00f3 intensidad y no gener\u00f3 peligro real en el resto del partido.<\/p>\n<h4>SUSTITUCIONES<\/h4>\n<p>Flavio Robatto hizo descansar a figuras como Patricio Rodr\u00edguez y Robson Matheus Tom\u00e9 de Ara\u00fajo. Antes, Vel\u00e1zquez ingres\u00f3 por Cata\u00f1o.<\/p>\n<p>Bol\u00edvar confirm\u00f3 su gran momento internacional y cerr\u00f3 la llave con un 6-0 global ante el club chileno.<\/p>\n<h4>OCTAVOS DE FINAL<\/h4>\n<p>La \u2018Academia\u2019 enfrentar\u00e1 a Cienciano de Per\u00fa, primero del Grupo H, en los octavos de final de la Conmebol Sudamericana 2025.<\/p>\n<p>El partido de ida ser\u00e1 el 13 de agosto en el estadio Hernando Siles de La Paz. La vuelta se jugar\u00e1 el 20 en Cusco.<\/p>\n\n\n<p><\/p>\n<div style=\"margin-top: 0px; margin-bottom: 0px;\" class=\"sharethis-inline-reaction-buttons\" ><\/div>","protected":false},"excerpt":{"rendered":"<p>Bol\u00edvar sac\u00f3 boleto para enfrentar al peruano\u00a0Cienciano, de Cusco, luego de que este mi\u00e9rcoles en Santiago, derrot\u00f3 por 0-3 al chileno Palestino y se anot\u00f3 en los octavos de la Conmebol Sudamericana, con un global de 6-0.<\/p>\n","protected":false},"author":1,"featured_media":118,"comment_status":"open","ping_status":"open","sticky":false,"template":"","format":"standard","meta":{"footnotes":""},"categories":[35],"tags":[41,40],"class_list":["post-117","post","type-post","status-publish","format-standard","has-post-thumbnail","hentry","category-futbol","tag-bolivar","tag-copa-sudamericana"],"yoast_head":"<!-- This site is optimized with the Yoast SEO Premium plugin v25.5 (Yoast SEO v27.1.1) - https:\/\/yoast.com\/product\/yoast-seo-premium-wordpress\/ -->\n<title>Bol\u00edvar aplasta a Palestino en la Sudamericana y se ir\u00e1 a Cusco - Wara Comunicaciones<\/title>\n<meta name=\"robots\" content=\"index, follow, max-snippet:-1, max-image-preview:large, max-video-preview:-1\" \/>\n<link rel=\"canonical\" href=\"https:\/\/waracomunicaciones.com\/?p=117\" \/>\n<meta property=\"og:locale\" content=\"es_ES\" \/>\n<meta property=\"og:type\" content=\"article\" \/>\n<meta property=\"og:title\" content=\"Bol\u00edvar aplasta a Palestino en la Sudamericana y se ir\u00e1 a Cusco\" \/>\n<meta property=\"og:description\" content=\"Bol\u00edvar sac\u00f3 boleto para enfrentar al peruano\u00a0Cienciano, de Cusco, luego de que este mi\u00e9rcoles en Santiago, derrot\u00f3 por 0-3 al chileno Palestino y se anot\u00f3 en los octavos de la Conmebol Sudamericana, con un global de 6-0.\" \/>\n<meta property=\"og:url\" content=\"https:\/\/waracomunicaciones.com\/?p=117\" \/>\n<meta property=\"og:site_name\" content=\"Wara Comunicaciones\" \/>\n<meta property=\"article:publisher\" content=\"https:\/\/www.facebook.com\/waracomunicaciones2017\" \/>\n<meta property=\"article:published_time\" content=\"2025-07-24T01:16:57+00:00\" \/>\n<meta property=\"article:modified_time\" content=\"2025-07-24T10:09:15+00:00\" \/>\n<meta property=\"og:image\" content=\"https:\/\/waracomunicaciones.com\/wp-content\/uploads\/2025\/07\/BOLIVAR.webp\" \/>\n\t<meta property=\"og:image:width\" content=\"750\" \/>\n\t<meta property=\"og:image:height\" content=\"501\" \/>\n\t<meta property=\"og:image:type\" content=\"image\/webp\" \/>\n<meta name=\"author\" content=\"admin\" \/>\n<meta name=\"twitter:card\" content=\"summary_large_image\" \/>\n<meta name=\"twitter:label1\" content=\"Escrito por\" \/>\n\t<meta name=\"twitter:data1\" content=\"admin\" \/>\n\t<meta name=\"twitter:label2\" content=\"Tiempo de lectura\" \/>\n\t<meta name=\"twitter:data2\" content=\"3 minutos\" \/>\n<script type=\"application\/ld+json\" class=\"yoast-schema-graph\">{\"@context\":\"https:\/\/schema.org\",\"@graph\":[{\"@type\":\"Article\",\"@id\":\"https:\/\/waracomunicaciones.com\/?p=117#article\",\"isPartOf\":{\"@id\":\"https:\/\/waracomunicaciones.com\/?p=117\"},\"author\":{\"name\":\"admin\",\"@id\":\"https:\/\/waracomunicaciones.com\/#\/schema\/person\/e9db934bc91575cc71fe584c5973244a\"},\"headline\":\"Bol\u00edvar aplasta a Palestino en la Sudamericana y se ir\u00e1 a Cusco\",\"datePublished\":\"2025-07-24T01:16:57+00:00\",\"dateModified\":\"2025-07-24T10:09:15+00:00\",\"mainEntityOfPage\":{\"@id\":\"https:\/\/waracomunicaciones.com\/?p=117\"},\"wordCount\":504,\"commentCount\":0,\"publisher\":{\"@id\":\"https:\/\/waracomunicaciones.com\/#organization\"},\"image\":{\"@id\":\"https:\/\/waracomunicaciones.com\/?p=117#primaryimage\"},\"thumbnailUrl\":\"https:\/\/waracomunicaciones.com\/wp-content\/uploads\/2025\/07\/BOLIVAR.webp\",\"keywords\":[\"Bolivar\",\"Copa Sudamericana\"],\"articleSection\":[\"Futbol\"],\"inLanguage\":\"es\",\"potentialAction\":[{\"@type\":\"CommentAction\",\"name\":\"Comment\",\"target\":[\"https:\/\/waracomunicaciones.com\/?p=117#respond\"]}]},{\"@type\":\"WebPage\",\"@id\":\"https:\/\/waracomunicaciones.com\/?p=117\",\"url\":\"https:\/\/waracomunicaciones.com\/?p=117\",\"name\":\"Bol\u00edvar aplasta a Palestino en la Sudamericana y se ir\u00e1 a Cusco - Wara Comunicaciones\",\"isPartOf\":{\"@id\":\"https:\/\/waracomunicaciones.com\/#website\"},\"primaryImageOfPage\":{\"@id\":\"https:\/\/waracomunicaciones.com\/?p=117#primaryimage\"},\"image\":{\"@id\":\"https:\/\/waracomunicaciones.com\/?p=117#primaryimage\"},\"thumbnailUrl\":\"https:\/\/waracomunicaciones.com\/wp-content\/uploads\/2025\/07\/BOLIVAR.webp\",\"datePublished\":\"2025-07-24T01:16:57+00:00\",\"dateModified\":\"2025-07-24T10:09:15+00:00\",\"breadcrumb\":{\"@id\":\"https:\/\/waracomunicaciones.com\/?p=117#breadcrumb\"},\"inLanguage\":\"es\",\"potentialAction\":[{\"@type\":\"ReadAction\",\"target\":[\"https:\/\/waracomunicaciones.com\/?p=117\"]}]},{\"@type\":\"ImageObject\",\"inLanguage\":\"es\",\"@id\":\"https:\/\/waracomunicaciones.com\/?p=117#primaryimage\",\"url\":\"https:\/\/waracomunicaciones.com\/wp-content\/uploads\/2025\/07\/BOLIVAR.webp\",\"contentUrl\":\"https:\/\/waracomunicaciones.com\/wp-content\/uploads\/2025\/07\/BOLIVAR.webp\",\"width\":750,\"height\":501},{\"@type\":\"BreadcrumbList\",\"@id\":\"https:\/\/waracomunicaciones.com\/?p=117#breadcrumb\",\"itemListElement\":[{\"@type\":\"ListItem\",\"position\":1,\"name\":\"Portada\",\"item\":\"https:\/\/waracomunicaciones.com\/\"},{\"@type\":\"ListItem\",\"position\":2,\"name\":\"Bol\u00edvar aplasta a Palestino en la Sudamericana y se ir\u00e1 a Cusco\"}]},{\"@type\":\"WebSite\",\"@id\":\"https:\/\/waracomunicaciones.com\/#website\",\"url\":\"https:\/\/waracomunicaciones.com\/\",\"name\":\"Wara Comunicaciones\",\"description\":\"\",\"publisher\":{\"@id\":\"https:\/\/waracomunicaciones.com\/#organization\"},\"potentialAction\":[{\"@type\":\"SearchAction\",\"target\":{\"@type\":\"EntryPoint\",\"urlTemplate\":\"https:\/\/waracomunicaciones.com\/?s={search_term_string}\"},\"query-input\":{\"@type\":\"PropertyValueSpecification\",\"valueRequired\":true,\"valueName\":\"search_term_string\"}}],\"inLanguage\":\"es\"},{\"@type\":\"Organization\",\"@id\":\"https:\/\/waracomunicaciones.com\/#organization\",\"name\":\"Wara Comunicaciones\",\"url\":\"https:\/\/waracomunicaciones.com\/\",\"logo\":{\"@type\":\"ImageObject\",\"inLanguage\":\"es\",\"@id\":\"https:\/\/waracomunicaciones.com\/#\/schema\/logo\/image\/\",\"url\":\"https:\/\/waracomunicaciones.com\/wp-content\/uploads\/2025\/07\/logo.png\",\"contentUrl\":\"https:\/\/waracomunicaciones.com\/wp-content\/uploads\/2025\/07\/logo.png\",\"width\":400,\"height\":164,\"caption\":\"Wara Comunicaciones\"},\"image\":{\"@id\":\"https:\/\/waracomunicaciones.com\/#\/schema\/logo\/image\/\"},\"sameAs\":[\"https:\/\/www.facebook.com\/waracomunicaciones2017\"]},{\"@type\":\"Person\",\"@id\":\"https:\/\/waracomunicaciones.com\/#\/schema\/person\/e9db934bc91575cc71fe584c5973244a\",\"name\":\"admin\",\"image\":{\"@type\":\"ImageObject\",\"inLanguage\":\"es\",\"@id\":\"https:\/\/waracomunicaciones.com\/#\/schema\/person\/image\/\",\"url\":\"https:\/\/secure.gravatar.com\/avatar\/bf27e9186df568254093afa216f887fece17605302c6ff12f3980422fffa52e6?s=96&d=mm&r=g\",\"contentUrl\":\"https:\/\/secure.gravatar.com\/avatar\/bf27e9186df568254093afa216f887fece17605302c6ff12f3980422fffa52e6?s=96&d=mm&r=g\",\"caption\":\"admin\"},\"sameAs\":[\"https:\/\/waracomunicaciones.com\/wp\"],\"url\":\"https:\/\/waracomunicaciones.com\/?author=1\"}]}<\/script>\n<!-- \/ Yoast SEO Premium plugin. -->","yoast_head_json":{"title":"Bol\u00edvar aplasta a Palestino en la Sudamericana y se ir\u00e1 a Cusco - Wara Comunicaciones","robots":{"index":"index","follow":"follow","max-snippet":"max-snippet:-1","max-image-preview":"max-image-preview:large","max-video-preview":"max-video-preview:-1"},"canonical":"https:\/\/waracomunicaciones.com\/?p=117","og_locale":"es_ES","og_type":"article","og_title":"Bol\u00edvar aplasta a Palestino en la Sudamericana y se ir\u00e1 a Cusco","og_description":"Bol\u00edvar sac\u00f3 boleto para enfrentar al peruano\u00a0Cienciano, de Cusco, luego de que este mi\u00e9rcoles en Santiago, derrot\u00f3 por 0-3 al chileno Palestino y se anot\u00f3 en los octavos de la Conmebol Sudamericana, con un global de 6-0.","og_url":"https:\/\/waracomunicaciones.com\/?p=117","og_site_name":"Wara Comunicaciones","article_publisher":"https:\/\/www.facebook.com\/waracomunicaciones2017","article_published_time":"2025-07-24T01:16:57+00:00","article_modified_time":"2025-07-24T10:09:15+00:00","og_image":[{"width":750,"height":501,"url":"https:\/\/waracomunicaciones.com\/wp-content\/uploads\/2025\/07\/BOLIVAR.webp","type":"image\/webp"}],"author":"admin","twitter_card":"summary_large_image","twitter_misc":{"Escrito por":"admin","Tiempo de lectura":"3 minutos"},"schema":{"@context":"https:\/\/schema.org","@graph":[{"@type":"Article","@id":"https:\/\/waracomunicaciones.com\/?p=117#article","isPartOf":{"@id":"https:\/\/waracomunicaciones.com\/?p=117"},"author":{"name":"admin","@id":"https:\/\/waracomunicaciones.com\/#\/schema\/person\/e9db934bc91575cc71fe584c5973244a"},"headline":"Bol\u00edvar aplasta a Palestino en la Sudamericana y se ir\u00e1 a Cusco","datePublished":"2025-07-24T01:16:57+00:00","dateModified":"2025-07-24T10:09:15+00:00","mainEntityOfPage":{"@id":"https:\/\/waracomunicaciones.com\/?p=117"},"wordCount":504,"commentCount":0,"publisher":{"@id":"https:\/\/waracomunicaciones.com\/#organization"},"image":{"@id":"https:\/\/waracomunicaciones.com\/?p=117#primaryimage"},"thumbnailUrl":"https:\/\/waracomunicaciones.com\/wp-content\/uploads\/2025\/07\/BOLIVAR.webp","keywords":["Bolivar","Copa Sudamericana"],"articleSection":["Futbol"],"inLanguage":"es","potentialAction":[{"@type":"CommentAction","name":"Comment","target":["https:\/\/waracomunicaciones.com\/?p=117#respond"]}]},{"@type":"WebPage","@id":"https:\/\/waracomunicaciones.com\/?p=117","url":"https:\/\/waracomunicaciones.com\/?p=117","name":"Bol\u00edvar aplasta a Palestino en la Sudamericana y se ir\u00e1 a Cusco - Wara Comunicaciones","isPartOf":{"@id":"https:\/\/waracomunicaciones.com\/#website"},"primaryImageOfPage":{"@id":"https:\/\/waracomunicaciones.com\/?p=117#primaryimage"},"image":{"@id":"https:\/\/waracomunicaciones.com\/?p=117#primaryimage"},"thumbnailUrl":"https:\/\/waracomunicaciones.com\/wp-content\/uploads\/2025\/07\/BOLIVAR.webp","datePublished":"2025-07-24T01:16:57+00:00","dateModified":"2025-07-24T10:09:15+00:00","breadcrumb":{"@id":"https:\/\/waracomunicaciones.com\/?p=117#breadcrumb"},"inLanguage":"es","potentialAction":[{"@type":"ReadAction","target":["https:\/\/waracomunicaciones.com\/?p=117"]}]},{"@type":"ImageObject","inLanguage":"es","@id":"https:\/\/waracomunicaciones.com\/?p=117#primaryimage","url":"https:\/\/waracomunicaciones.com\/wp-content\/uploads\/2025\/07\/BOLIVAR.webp","contentUrl":"https:\/\/waracomunicaciones.com\/wp-content\/uploads\/2025\/07\/BOLIVAR.webp","width":750,"height":501},{"@type":"BreadcrumbList","@id":"https:\/\/waracomunicaciones.com\/?p=117#breadcrumb","itemListElement":[{"@type":"ListItem","position":1,"name":"Portada","item":"https:\/\/waracomunicaciones.com\/"},{"@type":"ListItem","position":2,"name":"Bol\u00edvar aplasta a Palestino en la Sudamericana y se ir\u00e1 a Cusco"}]},{"@type":"WebSite","@id":"https:\/\/waracomunicaciones.com\/#website","url":"https:\/\/waracomunicaciones.com\/","name":"Wara Comunicaciones","description":"","publisher":{"@id":"https:\/\/waracomunicaciones.com\/#organization"},"potentialAction":[{"@type":"SearchAction","target":{"@type":"EntryPoint","urlTemplate":"https:\/\/waracomunicaciones.com\/?s={search_term_string}"},"query-input":{"@type":"PropertyValueSpecification","valueRequired":true,"valueName":"search_term_string"}}],"inLanguage":"es"},{"@type":"Organization","@id":"https:\/\/waracomunicaciones.com\/#organization","name":"Wara Comunicaciones","url":"https:\/\/waracomunicaciones.com\/","logo":{"@type":"ImageObject","inLanguage":"es","@id":"https:\/\/waracomunicaciones.com\/#\/schema\/logo\/image\/","url":"https:\/\/waracomunicaciones.com\/wp-content\/uploads\/2025\/07\/logo.png","contentUrl":"https:\/\/waracomunicaciones.com\/wp-content\/uploads\/2025\/07\/logo.png","width":400,"height":164,"caption":"Wara Comunicaciones"},"image":{"@id":"https:\/\/waracomunicaciones.com\/#\/schema\/logo\/image\/"},"sameAs":["https:\/\/www.facebook.com\/waracomunicaciones2017"]},{"@type":"Person","@id":"https:\/\/waracomunicaciones.com\/#\/schema\/person\/e9db934bc91575cc71fe584c5973244a","name":"admin","image":{"@type":"ImageObject","inLanguage":"es","@id":"https:\/\/waracomunicaciones.com\/#\/schema\/person\/image\/","url":"https:\/\/secure.gravatar.com\/avatar\/bf27e9186df568254093afa216f887fece17605302c6ff12f3980422fffa52e6?s=96&d=mm&r=g","contentUrl":"https:\/\/secure.gravatar.com\/avatar\/bf27e9186df568254093afa216f887fece17605302c6ff12f3980422fffa52e6?s=96&d=mm&r=g","caption":"admin"},"sameAs":["https:\/\/waracomunicaciones.com\/wp"],"url":"https:\/\/waracomunicaciones.com\/?author=1"}]}},"_links":{"self":[{"href":"https:\/\/waracomunicaciones.com\/index.php?rest_route=\/wp\/v2\/posts\/117","targetHints":{"allow":["GET"]}}],"collection":[{"href":"https:\/\/waracomunicaciones.com\/index.php?rest_route=\/wp\/v2\/posts"}],"about":[{"href":"https:\/\/waracomunicaciones.com\/index.php?rest_route=\/wp\/v2\/types\/post"}],"author":[{"embeddable":true,"href":"https:\/\/waracomunicaciones.com\/index.php?rest_route=\/wp\/v2\/users\/1"}],"replies":[{"embeddable":true,"href":"https:\/\/waracomunicaciones.com\/index.php?rest_route=%2Fwp%2Fv2%2Fcomments&post=117"}],"version-history":[{"count":1,"href":"https:\/\/waracomunicaciones.com\/index.php?rest_route=\/wp\/v2\/posts\/117\/revisions"}],"predecessor-version":[{"id":119,"href":"https:\/\/waracomunicaciones.com\/index.php?rest_route=\/wp\/v2\/posts\/117\/revisions\/119"}],"wp:featuredmedia":[{"embeddable":true,"href":"https:\/\/waracomunicaciones.com\/index.php?rest_route=\/wp\/v2\/media\/118"}],"wp:attachment":[{"href":"https:\/\/waracomunicaciones.com\/index.php?rest_route=%2Fwp%2Fv2%2Fmedia&parent=117"}],"wp:term":[{"taxonomy":"category","embeddable":true,"href":"https:\/\/waracomunicaciones.com\/index.php?rest_route=%2Fwp%2Fv2%2Fcategories&post=117"},{"taxonomy":"post_tag","embeddable":true,"href":"https:\/\/waracomunicaciones.com\/index.php?rest_route=%2Fwp%2Fv2%2Ftags&post=117"}],"curies":[{"name":"wp","href":"https:\/\/api.w.org\/{rel}","templated":true}]}}