{"id":108,"date":"2025-07-23T15:25:21","date_gmt":"2025-07-23T19:25:21","guid":{"rendered":"https:\/\/waracomunicaciones.com\/wp\/?p=108"},"modified":"2025-07-26T06:25:20","modified_gmt":"2025-07-26T10:25:20","slug":"graves-denuncias-contra-la-alcaldia-de-montero-presiones-politicas-nepotismo-y-uso-indebido-de-recursos-publicos","status":"publish","type":"post","link":"https:\/\/waracomunicaciones.com\/?p=108","title":{"rendered":"Graves denuncias contra la Alcald\u00eda de Montero: presiones pol\u00edticas, nepotismo y uso indebido de recursos p\u00fablicos"},"content":{"rendered":"\n<figure class=\"wp-block-image size-full\"><img loading=\"lazy\" decoding=\"async\" width=\"840\" height=\"560\" src=\"https:\/\/waracomunicaciones.com\/wp\/wp-content\/uploads\/2025\/07\/edwar.webp\" alt=\"\" class=\"wp-image-109\" srcset=\"https:\/\/waracomunicaciones.com\/wp-content\/uploads\/2025\/07\/edwar.webp 840w, https:\/\/waracomunicaciones.com\/wp-content\/uploads\/2025\/07\/edwar-300x200.webp 300w, https:\/\/waracomunicaciones.com\/wp-content\/uploads\/2025\/07\/edwar-768x512.webp 768w\" sizes=\"auto, (max-width: 840px) 100vw, 840px\" \/><\/figure>\n\n\n<div class=\"itemIntroText\">\n<p><em><i>Montero, \u2013<\/i><\/em>\u00a0En una reciente entrevista con el activista pol\u00edtico-social Edward N\u00fa\u00f1ez, se revelaron serias denuncias sobre pr\u00e1cticas irregulares al interior de la Alcald\u00eda Municipal de Montero. N\u00fa\u00f1ez expuso una serie de situaciones que afectan a funcionarios p\u00fablicos, quienes, seg\u00fan \u00e9l, estar\u00edan siendo presionados para apoyar candidaturas pol\u00edticas y participar en actos proselitistas bajo amenaza o coacci\u00f3n.<\/p>\n<\/div>\n<p><!--more--><\/p>\n<div class=\"itemFullText\">\n<p><strong><b>Presiones a funcionarios y uso indebido de recursos<\/b><\/strong><\/p>\n<p>Seg\u00fan el testimonio del activista, funcionarios de la alcald\u00eda estar\u00edan siendo obligados a organizar reuniones familiares \u2014con un m\u00ednimo de 30 personas\u2014 donde deben presentar y comprometer a sus allegados a apoyar la candidatura de Kelly, aparentemente impulsada por la gesti\u00f3n del actual alcalde. \u00abEst\u00e1n obligando a los funcionarios a gastar su propio dinero en cenas, rifas y otros actos pol\u00edticos\u00bb, denunci\u00f3 N\u00fa\u00f1ez.<\/p>\n<p>Adem\u00e1s, mencion\u00f3 traslados forzados a actos en Santa Cruz, en los que los funcionarios son transportados sin saber los motivos, portando banderas del partido oficialista, muchas veces sin alimentaci\u00f3n y con retorno tard\u00edo. \u201cNo es un tema voluntario. A los funcionarios les quitan tiempo, recursos y hasta oportunidades de generar ingresos extras para sus familias\u201d, remarc\u00f3.<\/p>\n<p><strong><b>Nepotismo y clanes familiares<\/b><\/strong><\/p>\n<p>Uno de los puntos m\u00e1s cr\u00edticos se\u00f1alados por N\u00fa\u00f1ez fue el presunto nepotismo dentro del gobierno municipal. Apunt\u00f3 directamente al director de Recursos Humanos, Gabriel Garc\u00eda, como uno de los responsables de fomentar la contrataci\u00f3n de familiares y allegados.<\/p>\n<p>Entre los nombres mencionados en la entrevista figuran:<\/p>\n<ul>\n<li><b><\/b><strong><b>Cristian Garc\u00eda<\/b><\/strong>, hermano del director, quien presuntamente administra cuentas falsas para defender la gesti\u00f3n.<\/li>\n<li><b><\/b><strong><b>Marisela Guzm\u00e1n<\/b><\/strong>, esposa de Gabriel Garcia, directora de un centro de salud.<\/li>\n<li><b><\/b><strong><b>Weimar Acebey Guzm\u00e1n<\/b><\/strong>, sobrino de Marisela, con contrato en la misma unidad de Recursos Humanos.<\/li>\n<li><b><\/b><strong><b>Ciro Garc\u00eda<\/b><\/strong>, padre del director, con supuestos contratos millonarios en publicidad para su medio.<\/li>\n<\/ul>\n<p>N\u00fa\u00f1ez asegur\u00f3 que estas situaciones se repiten con varios funcionarios, y critic\u00f3 que la administraci\u00f3n p\u00fablica est\u00e9 siendo usada como plataforma personal o familiar, violando la Ley 178, que proh\u00edbe expresamente la contrataci\u00f3n de familiares hasta el tercer grado de consanguinidad.<\/p>\n<p><strong><b>\u00abLos sultanes\u00bb de la alcald\u00eda y denuncias de acoso laboral y sexual<\/b><\/strong><\/p>\n<p>El activista tambi\u00e9n denunci\u00f3 pr\u00e1cticas de acoso y abuso de poder en el entorno laboral. Acus\u00f3 a algunos funcionarios de formar \u00abpeque\u00f1os harenes\u00bb dentro de la alcald\u00eda, usando su cargo para mantener relaciones sentimentales con subordinadas o ejercer control indebido sobre ellas. \u00abHay funcionarios que se creen sultanes, usando su poder no solo para colocar a familiares, sino tambi\u00e9n para beneficiarse personalmente de mujeres que trabajan en la alcald\u00eda\u00bb, declar\u00f3.<\/p>\n<p>N\u00fa\u00f1ez expres\u00f3 su preocupaci\u00f3n por la normalizaci\u00f3n de estos comportamientos, se\u00f1alando que tanto hombres como mujeres participan en estas pr\u00e1cticas de poder y manipulaci\u00f3n.<\/p>\n<p><strong><b>Llamado a las autoridades y a la poblaci\u00f3n<\/b><\/strong><\/p>\n<p>Edward N\u00fa\u00f1ez inst\u00f3 a las autoridades competentes y a los organismos defensores de derechos humanos a investigar estas denuncias, muchas de las cuales ya circulan en redes sociales con evidencia p\u00fablica. Tambi\u00e9n pidi\u00f3 a la ciudadan\u00eda mantenerse vigilante y exigir una administraci\u00f3n transparente y \u00e9tica.<\/p>\n<p>\u201cLo que pasa en la Alcald\u00eda de Montero no es nuevo, pero ahora ha salido todo a la luz. Estamos pagando salarios y financiando campa\u00f1as pol\u00edticas, favores personales, y relaciones sentimentales indebidas con nuestros impuestos\u201d, concluy\u00f3.<\/p>\n<\/div><div style=\"margin-top: 0px; margin-bottom: 0px;\" class=\"sharethis-inline-reaction-buttons\" ><\/div>","protected":false},"excerpt":{"rendered":"<p>Montero, \u2013\u00a0En una reciente entrevista con el activista pol\u00edtico-social Edward N\u00fa\u00f1ez, se revelaron serias denuncias sobre pr\u00e1cticas irregulares al interior de la Alcald\u00eda Municipal de Montero. N\u00fa\u00f1ez expuso una serie de situaciones que afectan a funcionarios p\u00fablicos, quienes, seg\u00fan \u00e9l, estar\u00edan siendo presionados para apoyar candidaturas pol\u00edticas y participar en actos proselitistas bajo amenaza o [&hellip;]<\/p>\n","protected":false},"author":1,"featured_media":109,"comment_status":"open","ping_status":"open","sticky":false,"template":"","format":"standard","meta":{"footnotes":""},"categories":[42],"tags":[34,19,65],"class_list":["post-108","post","type-post","status-publish","format-standard","has-post-thumbnail","hentry","category-politica","tag-edward-nunez","tag-montero","tag-nepotismo"],"yoast_head":"<!-- This site is optimized with the Yoast SEO Premium plugin v25.5 (Yoast SEO v27.1.1) - https:\/\/yoast.com\/product\/yoast-seo-premium-wordpress\/ -->\n<title>Graves denuncias contra la Alcald\u00eda de Montero: presiones pol\u00edticas, nepotismo y uso indebido de recursos p\u00fablicos - Wara Comunicaciones<\/title>\n<meta name=\"description\" content=\"Descubre las preocupantes denuncias sobre el nepotismo en la Alcald\u00eda de Montero y la presi\u00f3n sobre funcionarios p\u00fablicos.\" \/>\n<meta name=\"robots\" content=\"index, follow, max-snippet:-1, max-image-preview:large, max-video-preview:-1\" \/>\n<link rel=\"canonical\" href=\"https:\/\/waracomunicaciones.com\/?p=108\" \/>\n<meta property=\"og:locale\" content=\"es_ES\" \/>\n<meta property=\"og:type\" content=\"article\" \/>\n<meta property=\"og:title\" content=\"Graves denuncias contra la Alcald\u00eda de Montero: presiones pol\u00edticas, nepotismo y uso indebido de recursos p\u00fablicos\" \/>\n<meta property=\"og:description\" content=\"Descubre las preocupantes denuncias sobre el nepotismo en la Alcald\u00eda de Montero y la presi\u00f3n sobre funcionarios p\u00fablicos.\" \/>\n<meta property=\"og:url\" content=\"https:\/\/waracomunicaciones.com\/?p=108\" \/>\n<meta property=\"og:site_name\" content=\"Wara Comunicaciones\" \/>\n<meta property=\"article:publisher\" content=\"https:\/\/www.facebook.com\/waracomunicaciones2017\" \/>\n<meta property=\"article:published_time\" content=\"2025-07-23T19:25:21+00:00\" \/>\n<meta property=\"article:modified_time\" content=\"2025-07-26T10:25:20+00:00\" \/>\n<meta property=\"og:image\" content=\"https:\/\/waracomunicaciones.com\/wp-content\/uploads\/2025\/07\/edwar.webp\" \/>\n\t<meta property=\"og:image:width\" content=\"840\" \/>\n\t<meta property=\"og:image:height\" content=\"560\" \/>\n\t<meta property=\"og:image:type\" content=\"image\/webp\" \/>\n<meta name=\"author\" content=\"admin\" \/>\n<meta name=\"twitter:card\" content=\"summary_large_image\" \/>\n<meta name=\"twitter:label1\" content=\"Escrito por\" \/>\n\t<meta name=\"twitter:data1\" content=\"admin\" \/>\n\t<meta name=\"twitter:label2\" content=\"Tiempo de lectura\" \/>\n\t<meta name=\"twitter:data2\" content=\"3 minutos\" \/>\n<script type=\"application\/ld+json\" class=\"yoast-schema-graph\">{\"@context\":\"https:\/\/schema.org\",\"@graph\":[{\"@type\":\"Article\",\"@id\":\"https:\/\/waracomunicaciones.com\/?p=108#article\",\"isPartOf\":{\"@id\":\"https:\/\/waracomunicaciones.com\/?p=108\"},\"author\":{\"name\":\"admin\",\"@id\":\"https:\/\/waracomunicaciones.com\/#\/schema\/person\/e9db934bc91575cc71fe584c5973244a\"},\"headline\":\"Graves denuncias contra la Alcald\u00eda de Montero: presiones pol\u00edticas, nepotismo y uso indebido de recursos p\u00fablicos\",\"datePublished\":\"2025-07-23T19:25:21+00:00\",\"dateModified\":\"2025-07-26T10:25:20+00:00\",\"mainEntityOfPage\":{\"@id\":\"https:\/\/waracomunicaciones.com\/?p=108\"},\"wordCount\":601,\"commentCount\":0,\"publisher\":{\"@id\":\"https:\/\/waracomunicaciones.com\/#organization\"},\"image\":{\"@id\":\"https:\/\/waracomunicaciones.com\/?p=108#primaryimage\"},\"thumbnailUrl\":\"https:\/\/waracomunicaciones.com\/wp-content\/uploads\/2025\/07\/edwar.webp\",\"keywords\":[\"Edward N\u00fa\u00f1ez\",\"Montero\",\"Nepotismo\"],\"articleSection\":[\"Pol\u00edtica\"],\"inLanguage\":\"es\",\"potentialAction\":[{\"@type\":\"CommentAction\",\"name\":\"Comment\",\"target\":[\"https:\/\/waracomunicaciones.com\/?p=108#respond\"]}]},{\"@type\":\"WebPage\",\"@id\":\"https:\/\/waracomunicaciones.com\/?p=108\",\"url\":\"https:\/\/waracomunicaciones.com\/?p=108\",\"name\":\"Graves denuncias contra la Alcald\u00eda de Montero: presiones pol\u00edticas, nepotismo y uso indebido de recursos p\u00fablicos - Wara Comunicaciones\",\"isPartOf\":{\"@id\":\"https:\/\/waracomunicaciones.com\/#website\"},\"primaryImageOfPage\":{\"@id\":\"https:\/\/waracomunicaciones.com\/?p=108#primaryimage\"},\"image\":{\"@id\":\"https:\/\/waracomunicaciones.com\/?p=108#primaryimage\"},\"thumbnailUrl\":\"https:\/\/waracomunicaciones.com\/wp-content\/uploads\/2025\/07\/edwar.webp\",\"datePublished\":\"2025-07-23T19:25:21+00:00\",\"dateModified\":\"2025-07-26T10:25:20+00:00\",\"description\":\"Descubre las preocupantes denuncias sobre el nepotismo en la Alcald\u00eda de Montero y la presi\u00f3n sobre funcionarios p\u00fablicos.\",\"breadcrumb\":{\"@id\":\"https:\/\/waracomunicaciones.com\/?p=108#breadcrumb\"},\"inLanguage\":\"es\",\"potentialAction\":[{\"@type\":\"ReadAction\",\"target\":[\"https:\/\/waracomunicaciones.com\/?p=108\"]}]},{\"@type\":\"ImageObject\",\"inLanguage\":\"es\",\"@id\":\"https:\/\/waracomunicaciones.com\/?p=108#primaryimage\",\"url\":\"https:\/\/waracomunicaciones.com\/wp-content\/uploads\/2025\/07\/edwar.webp\",\"contentUrl\":\"https:\/\/waracomunicaciones.com\/wp-content\/uploads\/2025\/07\/edwar.webp\",\"width\":840,\"height\":560},{\"@type\":\"BreadcrumbList\",\"@id\":\"https:\/\/waracomunicaciones.com\/?p=108#breadcrumb\",\"itemListElement\":[{\"@type\":\"ListItem\",\"position\":1,\"name\":\"Portada\",\"item\":\"https:\/\/waracomunicaciones.com\/\"},{\"@type\":\"ListItem\",\"position\":2,\"name\":\"Graves denuncias contra la Alcald\u00eda de Montero: presiones pol\u00edticas, nepotismo y uso indebido de recursos p\u00fablicos\"}]},{\"@type\":\"WebSite\",\"@id\":\"https:\/\/waracomunicaciones.com\/#website\",\"url\":\"https:\/\/waracomunicaciones.com\/\",\"name\":\"Wara Comunicaciones\",\"description\":\"\",\"publisher\":{\"@id\":\"https:\/\/waracomunicaciones.com\/#organization\"},\"potentialAction\":[{\"@type\":\"SearchAction\",\"target\":{\"@type\":\"EntryPoint\",\"urlTemplate\":\"https:\/\/waracomunicaciones.com\/?s={search_term_string}\"},\"query-input\":{\"@type\":\"PropertyValueSpecification\",\"valueRequired\":true,\"valueName\":\"search_term_string\"}}],\"inLanguage\":\"es\"},{\"@type\":\"Organization\",\"@id\":\"https:\/\/waracomunicaciones.com\/#organization\",\"name\":\"Wara Comunicaciones\",\"url\":\"https:\/\/waracomunicaciones.com\/\",\"logo\":{\"@type\":\"ImageObject\",\"inLanguage\":\"es\",\"@id\":\"https:\/\/waracomunicaciones.com\/#\/schema\/logo\/image\/\",\"url\":\"https:\/\/waracomunicaciones.com\/wp-content\/uploads\/2025\/07\/logo.png\",\"contentUrl\":\"https:\/\/waracomunicaciones.com\/wp-content\/uploads\/2025\/07\/logo.png\",\"width\":400,\"height\":164,\"caption\":\"Wara Comunicaciones\"},\"image\":{\"@id\":\"https:\/\/waracomunicaciones.com\/#\/schema\/logo\/image\/\"},\"sameAs\":[\"https:\/\/www.facebook.com\/waracomunicaciones2017\"]},{\"@type\":\"Person\",\"@id\":\"https:\/\/waracomunicaciones.com\/#\/schema\/person\/e9db934bc91575cc71fe584c5973244a\",\"name\":\"admin\",\"image\":{\"@type\":\"ImageObject\",\"inLanguage\":\"es\",\"@id\":\"https:\/\/waracomunicaciones.com\/#\/schema\/person\/image\/\",\"url\":\"https:\/\/secure.gravatar.com\/avatar\/bf27e9186df568254093afa216f887fece17605302c6ff12f3980422fffa52e6?s=96&d=mm&r=g\",\"contentUrl\":\"https:\/\/secure.gravatar.com\/avatar\/bf27e9186df568254093afa216f887fece17605302c6ff12f3980422fffa52e6?s=96&d=mm&r=g\",\"caption\":\"admin\"},\"sameAs\":[\"https:\/\/waracomunicaciones.com\/wp\"],\"url\":\"https:\/\/waracomunicaciones.com\/?author=1\"}]}<\/script>\n<!-- \/ Yoast SEO Premium plugin. -->","yoast_head_json":{"title":"Graves denuncias contra la Alcald\u00eda de Montero: presiones pol\u00edticas, nepotismo y uso indebido de recursos p\u00fablicos - Wara Comunicaciones","description":"Descubre las preocupantes denuncias sobre el nepotismo en la Alcald\u00eda de Montero y la presi\u00f3n sobre funcionarios p\u00fablicos.","robots":{"index":"index","follow":"follow","max-snippet":"max-snippet:-1","max-image-preview":"max-image-preview:large","max-video-preview":"max-video-preview:-1"},"canonical":"https:\/\/waracomunicaciones.com\/?p=108","og_locale":"es_ES","og_type":"article","og_title":"Graves denuncias contra la Alcald\u00eda de Montero: presiones pol\u00edticas, nepotismo y uso indebido de recursos p\u00fablicos","og_description":"Descubre las preocupantes denuncias sobre el nepotismo en la Alcald\u00eda de Montero y la presi\u00f3n sobre funcionarios p\u00fablicos.","og_url":"https:\/\/waracomunicaciones.com\/?p=108","og_site_name":"Wara Comunicaciones","article_publisher":"https:\/\/www.facebook.com\/waracomunicaciones2017","article_published_time":"2025-07-23T19:25:21+00:00","article_modified_time":"2025-07-26T10:25:20+00:00","og_image":[{"width":840,"height":560,"url":"https:\/\/waracomunicaciones.com\/wp-content\/uploads\/2025\/07\/edwar.webp","type":"image\/webp"}],"author":"admin","twitter_card":"summary_large_image","twitter_misc":{"Escrito por":"admin","Tiempo de lectura":"3 minutos"},"schema":{"@context":"https:\/\/schema.org","@graph":[{"@type":"Article","@id":"https:\/\/waracomunicaciones.com\/?p=108#article","isPartOf":{"@id":"https:\/\/waracomunicaciones.com\/?p=108"},"author":{"name":"admin","@id":"https:\/\/waracomunicaciones.com\/#\/schema\/person\/e9db934bc91575cc71fe584c5973244a"},"headline":"Graves denuncias contra la Alcald\u00eda de Montero: presiones pol\u00edticas, nepotismo y uso indebido de recursos p\u00fablicos","datePublished":"2025-07-23T19:25:21+00:00","dateModified":"2025-07-26T10:25:20+00:00","mainEntityOfPage":{"@id":"https:\/\/waracomunicaciones.com\/?p=108"},"wordCount":601,"commentCount":0,"publisher":{"@id":"https:\/\/waracomunicaciones.com\/#organization"},"image":{"@id":"https:\/\/waracomunicaciones.com\/?p=108#primaryimage"},"thumbnailUrl":"https:\/\/waracomunicaciones.com\/wp-content\/uploads\/2025\/07\/edwar.webp","keywords":["Edward N\u00fa\u00f1ez","Montero","Nepotismo"],"articleSection":["Pol\u00edtica"],"inLanguage":"es","potentialAction":[{"@type":"CommentAction","name":"Comment","target":["https:\/\/waracomunicaciones.com\/?p=108#respond"]}]},{"@type":"WebPage","@id":"https:\/\/waracomunicaciones.com\/?p=108","url":"https:\/\/waracomunicaciones.com\/?p=108","name":"Graves denuncias contra la Alcald\u00eda de Montero: presiones pol\u00edticas, nepotismo y uso indebido de recursos p\u00fablicos - Wara Comunicaciones","isPartOf":{"@id":"https:\/\/waracomunicaciones.com\/#website"},"primaryImageOfPage":{"@id":"https:\/\/waracomunicaciones.com\/?p=108#primaryimage"},"image":{"@id":"https:\/\/waracomunicaciones.com\/?p=108#primaryimage"},"thumbnailUrl":"https:\/\/waracomunicaciones.com\/wp-content\/uploads\/2025\/07\/edwar.webp","datePublished":"2025-07-23T19:25:21+00:00","dateModified":"2025-07-26T10:25:20+00:00","description":"Descubre las preocupantes denuncias sobre el nepotismo en la Alcald\u00eda de Montero y la presi\u00f3n sobre funcionarios p\u00fablicos.","breadcrumb":{"@id":"https:\/\/waracomunicaciones.com\/?p=108#breadcrumb"},"inLanguage":"es","potentialAction":[{"@type":"ReadAction","target":["https:\/\/waracomunicaciones.com\/?p=108"]}]},{"@type":"ImageObject","inLanguage":"es","@id":"https:\/\/waracomunicaciones.com\/?p=108#primaryimage","url":"https:\/\/waracomunicaciones.com\/wp-content\/uploads\/2025\/07\/edwar.webp","contentUrl":"https:\/\/waracomunicaciones.com\/wp-content\/uploads\/2025\/07\/edwar.webp","width":840,"height":560},{"@type":"BreadcrumbList","@id":"https:\/\/waracomunicaciones.com\/?p=108#breadcrumb","itemListElement":[{"@type":"ListItem","position":1,"name":"Portada","item":"https:\/\/waracomunicaciones.com\/"},{"@type":"ListItem","position":2,"name":"Graves denuncias contra la Alcald\u00eda de Montero: presiones pol\u00edticas, nepotismo y uso indebido de recursos p\u00fablicos"}]},{"@type":"WebSite","@id":"https:\/\/waracomunicaciones.com\/#website","url":"https:\/\/waracomunicaciones.com\/","name":"Wara Comunicaciones","description":"","publisher":{"@id":"https:\/\/waracomunicaciones.com\/#organization"},"potentialAction":[{"@type":"SearchAction","target":{"@type":"EntryPoint","urlTemplate":"https:\/\/waracomunicaciones.com\/?s={search_term_string}"},"query-input":{"@type":"PropertyValueSpecification","valueRequired":true,"valueName":"search_term_string"}}],"inLanguage":"es"},{"@type":"Organization","@id":"https:\/\/waracomunicaciones.com\/#organization","name":"Wara Comunicaciones","url":"https:\/\/waracomunicaciones.com\/","logo":{"@type":"ImageObject","inLanguage":"es","@id":"https:\/\/waracomunicaciones.com\/#\/schema\/logo\/image\/","url":"https:\/\/waracomunicaciones.com\/wp-content\/uploads\/2025\/07\/logo.png","contentUrl":"https:\/\/waracomunicaciones.com\/wp-content\/uploads\/2025\/07\/logo.png","width":400,"height":164,"caption":"Wara Comunicaciones"},"image":{"@id":"https:\/\/waracomunicaciones.com\/#\/schema\/logo\/image\/"},"sameAs":["https:\/\/www.facebook.com\/waracomunicaciones2017"]},{"@type":"Person","@id":"https:\/\/waracomunicaciones.com\/#\/schema\/person\/e9db934bc91575cc71fe584c5973244a","name":"admin","image":{"@type":"ImageObject","inLanguage":"es","@id":"https:\/\/waracomunicaciones.com\/#\/schema\/person\/image\/","url":"https:\/\/secure.gravatar.com\/avatar\/bf27e9186df568254093afa216f887fece17605302c6ff12f3980422fffa52e6?s=96&d=mm&r=g","contentUrl":"https:\/\/secure.gravatar.com\/avatar\/bf27e9186df568254093afa216f887fece17605302c6ff12f3980422fffa52e6?s=96&d=mm&r=g","caption":"admin"},"sameAs":["https:\/\/waracomunicaciones.com\/wp"],"url":"https:\/\/waracomunicaciones.com\/?author=1"}]}},"_links":{"self":[{"href":"https:\/\/waracomunicaciones.com\/index.php?rest_route=\/wp\/v2\/posts\/108","targetHints":{"allow":["GET"]}}],"collection":[{"href":"https:\/\/waracomunicaciones.com\/index.php?rest_route=\/wp\/v2\/posts"}],"about":[{"href":"https:\/\/waracomunicaciones.com\/index.php?rest_route=\/wp\/v2\/types\/post"}],"author":[{"embeddable":true,"href":"https:\/\/waracomunicaciones.com\/index.php?rest_route=\/wp\/v2\/users\/1"}],"replies":[{"embeddable":true,"href":"https:\/\/waracomunicaciones.com\/index.php?rest_route=%2Fwp%2Fv2%2Fcomments&post=108"}],"version-history":[{"count":2,"href":"https:\/\/waracomunicaciones.com\/index.php?rest_route=\/wp\/v2\/posts\/108\/revisions"}],"predecessor-version":[{"id":132,"href":"https:\/\/waracomunicaciones.com\/index.php?rest_route=\/wp\/v2\/posts\/108\/revisions\/132"}],"wp:featuredmedia":[{"embeddable":true,"href":"https:\/\/waracomunicaciones.com\/index.php?rest_route=\/wp\/v2\/media\/109"}],"wp:attachment":[{"href":"https:\/\/waracomunicaciones.com\/index.php?rest_route=%2Fwp%2Fv2%2Fmedia&parent=108"}],"wp:term":[{"taxonomy":"category","embeddable":true,"href":"https:\/\/waracomunicaciones.com\/index.php?rest_route=%2Fwp%2Fv2%2Fcategories&post=108"},{"taxonomy":"post_tag","embeddable":true,"href":"https:\/\/waracomunicaciones.com\/index.php?rest_route=%2Fwp%2Fv2%2Ftags&post=108"}],"curies":[{"name":"wp","href":"https:\/\/api.w.org\/{rel}","templated":true}]}}