{"id":105,"date":"2025-07-23T15:21:56","date_gmt":"2025-07-23T19:21:56","guid":{"rendered":"https:\/\/waracomunicaciones.com\/wp\/?p=105"},"modified":"2025-07-24T01:19:21","modified_gmt":"2025-07-24T05:19:21","slug":"impugnacion-contra-tuto-quiroga-deriva-en-la-destitucion-del-delegado-del-fri-y-denuncias-de-irregularidades-internas","status":"publish","type":"post","link":"https:\/\/waracomunicaciones.com\/?p=105","title":{"rendered":"Impugnaci\u00f3n contra Tuto Quiroga deriva en la destituci\u00f3n del delegado del FRI y denuncias de irregularidades internas"},"content":{"rendered":"\n<figure class=\"wp-block-image size-full\"><img loading=\"lazy\" decoding=\"async\" width=\"720\" height=\"573\" src=\"https:\/\/waracomunicaciones.com\/wp\/wp-content\/uploads\/2025\/07\/tuto-1.webp\" alt=\"\" class=\"wp-image-106\" srcset=\"https:\/\/waracomunicaciones.com\/wp-content\/uploads\/2025\/07\/tuto-1.webp 720w, https:\/\/waracomunicaciones.com\/wp-content\/uploads\/2025\/07\/tuto-1-300x239.webp 300w\" sizes=\"auto, (max-width: 720px) 100vw, 720px\" \/><\/figure>\n\n\n<p><em><i>La Paz, Bolivia \u2013<\/i><\/em>\u00a0La candidatura presidencial de Jorge Tuto Quiroga se encuentra envuelta en una pol\u00e9mica tras la impugnaci\u00f3n presentada por el asamble\u00edsta departamental del MAS, Juan Jos\u00e9 Ru\u00e1 de la Paz. El legislador cuestion\u00f3 la legalidad de la alianza entre el Frente Revolucionario de Izquierda (FRI) y los Dem\u00f3cratas, alegando que esta no fue aprobada por los comit\u00e9s regionales correspondientes.<!--more--><\/p>\n<p>La situaci\u00f3n ha generado un conflicto interno en el FRI que deriv\u00f3 en la destituci\u00f3n de su delegado ante el Tribunal Supremo Electoral (TSE), Walter Villagra, quien en entrevista con medios calific\u00f3 lo sucedido como una \u00abmaniobra pol\u00edtica\u00bb y denunci\u00f3 ser v\u00edctima de una acci\u00f3n ileg\u00edtima.<\/p>\n<p><strong><b>Villagra denuncia complicidad del TSE y falsificaci\u00f3n de militancias<\/b><\/strong><\/p>\n<p>El diputado nacional Walter Villagra, uno de los fundadores hist\u00f3ricos del FRI, asegur\u00f3 que las personas que firmaron la alianza con Tuto Quiroga \u2014Edgar Guzm\u00e1n, Mar\u00eda Paz y Lourdes Zamora\u2014 <strong><b>no son militantes del partido<\/b><\/strong>. Afirm\u00f3 haber presentado pruebas ante el TSE, incluyendo carn\u00e9s de identidad y registros de militancia, sin recibir una respuesta clara.<\/p>\n<p>\u201cEl Tribunal Supremo Electoral ha mantenido esta situaci\u00f3n en silencio, argumentando que anular el acuerdo pondr\u00eda en riesgo el proceso electoral, lo cual es falso. Esta complicidad institucional pone en riesgo la democracia misma\u201d, declar\u00f3 Villagra.<\/p>\n<p>Adem\u00e1s, el diputado anunci\u00f3 que iniciar\u00e1 acciones legales para dejar en evidencia lo que considera una manipulaci\u00f3n pol\u00edtica promovida desde dentro y fuera del partido.<\/p>\n<p><strong><b>Destituci\u00f3n cuestionada y acusaciones cruzadas<\/b><\/strong><\/p>\n<p>La destituci\u00f3n de Villagra como delegado del FRI ante el TSE fue anunciada por el jefe nacional del FRI, Edgar Guzm\u00e1n, quien lo acus\u00f3 de \u201ctraici\u00f3n e indisciplina partidaria\u201d. Seg\u00fan Guzm\u00e1n, Villagra habr\u00eda ocultado informaci\u00f3n sobre la impugnaci\u00f3n presentada por el MAS.<\/p>\n<p>Villagra rechaz\u00f3 categ\u00f3ricamente las acusaciones, afirmando que su remoci\u00f3n fue decidida por una reuni\u00f3n de comit\u00e9 en la que participaron personas sin militancia activa en el FRI. \u201cDe los siete miembros, tres no son militantes y mi voto fue en contra. No tienen legalidad para decidir mi destituci\u00f3n\u201d, sostuvo.<\/p>\n<p><strong><b>El FRI en disputa: historia versus control actual<\/b><\/strong><\/p>\n<p>Villagra rememor\u00f3 los or\u00edgenes del FRI para defender su legitimidad como miembro y fundador, recordando que el partido naci\u00f3 de una coalici\u00f3n de fuerzas hist\u00f3ricas como el Partido Comunista Marxista-Leninista, la Vanguardia Obrera y otras organizaciones de izquierda.<\/p>\n<p>\u201cLos que est\u00e1n traicionando los principios del FRI no somos nosotros. Son ellos los que han usurpado siglas y alianzas sin respaldo ni militancia. Vamos a demostrarlo p\u00fablicamente con documentos y registros\u201d, a\u00f1adi\u00f3.<\/p>\n<p><strong><b>Escalada de la crisis pol\u00edtica interna<\/b><\/strong><\/p>\n<p>Este conflicto evidencia una profunda divisi\u00f3n dentro del FRI, que podr\u00eda tener consecuencias significativas para la candidatura de Jorge Tuto Quiroga. La controversia tambi\u00e9n expone nuevas tensiones entre partidos tradicionales y las autoridades electorales, cuya imparcialidad ha sido puesta en duda por varios actores pol\u00edticos.<\/p>\n<p>Villagra finaliz\u00f3 asegurando que continuar\u00e1 su lucha en defensa de la legalidad y de los valores fundacionales del partido.<\/p><div style=\"margin-top: 0px; margin-bottom: 0px;\" class=\"sharethis-inline-reaction-buttons\" ><\/div>","protected":false},"excerpt":{"rendered":"<p>La Paz, Bolivia \u2013\u00a0La candidatura presidencial de Jorge Tuto Quiroga se encuentra envuelta en una pol\u00e9mica tras la impugnaci\u00f3n presentada por el asamble\u00edsta departamental del MAS, Juan Jos\u00e9 Ru\u00e1 de la Paz. El legislador cuestion\u00f3 la legalidad de la alianza entre el Frente Revolucionario de Izquierda (FRI) y los Dem\u00f3cratas, alegando que esta no fue [&hellip;]<\/p>\n","protected":false},"author":1,"featured_media":106,"comment_status":"open","ping_status":"open","sticky":false,"template":"","format":"standard","meta":{"footnotes":""},"categories":[47],"tags":[11,33,8],"class_list":["post-105","post","type-post","status-publish","format-standard","has-post-thumbnail","hentry","category-politica-nacional","tag-elecciones-nacionales-2025","tag-jorge-tuto-quiroga","tag-politica"],"yoast_head":"<!-- This site is optimized with the Yoast SEO Premium plugin v25.5 (Yoast SEO v27.1.1) - https:\/\/yoast.com\/product\/yoast-seo-premium-wordpress\/ -->\n<title>Impugnaci\u00f3n contra Tuto Quiroga deriva en la destituci\u00f3n del delegado del FRI y denuncias de irregularidades internas - Wara Comunicaciones<\/title>\n<meta name=\"robots\" content=\"index, follow, max-snippet:-1, max-image-preview:large, max-video-preview:-1\" \/>\n<link rel=\"canonical\" href=\"https:\/\/waracomunicaciones.com\/?p=105\" \/>\n<meta property=\"og:locale\" content=\"es_ES\" \/>\n<meta property=\"og:type\" content=\"article\" \/>\n<meta property=\"og:title\" content=\"Impugnaci\u00f3n contra Tuto Quiroga deriva en la destituci\u00f3n del delegado del FRI y denuncias de irregularidades internas\" \/>\n<meta property=\"og:description\" content=\"La Paz, Bolivia \u2013\u00a0La candidatura presidencial de Jorge Tuto Quiroga se encuentra envuelta en una pol\u00e9mica tras la impugnaci\u00f3n presentada por el asamble\u00edsta departamental del MAS, Juan Jos\u00e9 Ru\u00e1 de la Paz. El legislador cuestion\u00f3 la legalidad de la alianza entre el Frente Revolucionario de Izquierda (FRI) y los Dem\u00f3cratas, alegando que esta no fue [&hellip;]\" \/>\n<meta property=\"og:url\" content=\"https:\/\/waracomunicaciones.com\/?p=105\" \/>\n<meta property=\"og:site_name\" content=\"Wara Comunicaciones\" \/>\n<meta property=\"article:publisher\" content=\"https:\/\/www.facebook.com\/waracomunicaciones2017\" \/>\n<meta property=\"article:published_time\" content=\"2025-07-23T19:21:56+00:00\" \/>\n<meta property=\"article:modified_time\" content=\"2025-07-24T05:19:21+00:00\" \/>\n<meta property=\"og:image\" content=\"https:\/\/waracomunicaciones.com\/wp-content\/uploads\/2025\/07\/tuto-1.webp\" \/>\n\t<meta property=\"og:image:width\" content=\"720\" \/>\n\t<meta property=\"og:image:height\" content=\"573\" \/>\n\t<meta property=\"og:image:type\" content=\"image\/webp\" \/>\n<meta name=\"author\" content=\"admin\" \/>\n<meta name=\"twitter:card\" content=\"summary_large_image\" \/>\n<meta name=\"twitter:label1\" content=\"Escrito por\" \/>\n\t<meta name=\"twitter:data1\" content=\"admin\" \/>\n\t<meta name=\"twitter:label2\" content=\"Tiempo de lectura\" \/>\n\t<meta name=\"twitter:data2\" content=\"3 minutos\" \/>\n<script type=\"application\/ld+json\" class=\"yoast-schema-graph\">{\"@context\":\"https:\/\/schema.org\",\"@graph\":[{\"@type\":\"Article\",\"@id\":\"https:\/\/waracomunicaciones.com\/?p=105#article\",\"isPartOf\":{\"@id\":\"https:\/\/waracomunicaciones.com\/?p=105\"},\"author\":{\"name\":\"admin\",\"@id\":\"https:\/\/waracomunicaciones.com\/#\/schema\/person\/e9db934bc91575cc71fe584c5973244a\"},\"headline\":\"Impugnaci\u00f3n contra Tuto Quiroga deriva en la destituci\u00f3n del delegado del FRI y denuncias de irregularidades internas\",\"datePublished\":\"2025-07-23T19:21:56+00:00\",\"dateModified\":\"2025-07-24T05:19:21+00:00\",\"mainEntityOfPage\":{\"@id\":\"https:\/\/waracomunicaciones.com\/?p=105\"},\"wordCount\":541,\"commentCount\":0,\"publisher\":{\"@id\":\"https:\/\/waracomunicaciones.com\/#organization\"},\"image\":{\"@id\":\"https:\/\/waracomunicaciones.com\/?p=105#primaryimage\"},\"thumbnailUrl\":\"https:\/\/waracomunicaciones.com\/wp-content\/uploads\/2025\/07\/tuto-1.webp\",\"keywords\":[\"Elecciones Nacionales 2025\",\"Jorge Tuto Quiroga\",\"Pol\u00edtica\"],\"articleSection\":[\"Pol\u00edtica\"],\"inLanguage\":\"es\",\"potentialAction\":[{\"@type\":\"CommentAction\",\"name\":\"Comment\",\"target\":[\"https:\/\/waracomunicaciones.com\/?p=105#respond\"]}]},{\"@type\":\"WebPage\",\"@id\":\"https:\/\/waracomunicaciones.com\/?p=105\",\"url\":\"https:\/\/waracomunicaciones.com\/?p=105\",\"name\":\"Impugnaci\u00f3n contra Tuto Quiroga deriva en la destituci\u00f3n del delegado del FRI y denuncias de irregularidades internas - Wara Comunicaciones\",\"isPartOf\":{\"@id\":\"https:\/\/waracomunicaciones.com\/#website\"},\"primaryImageOfPage\":{\"@id\":\"https:\/\/waracomunicaciones.com\/?p=105#primaryimage\"},\"image\":{\"@id\":\"https:\/\/waracomunicaciones.com\/?p=105#primaryimage\"},\"thumbnailUrl\":\"https:\/\/waracomunicaciones.com\/wp-content\/uploads\/2025\/07\/tuto-1.webp\",\"datePublished\":\"2025-07-23T19:21:56+00:00\",\"dateModified\":\"2025-07-24T05:19:21+00:00\",\"breadcrumb\":{\"@id\":\"https:\/\/waracomunicaciones.com\/?p=105#breadcrumb\"},\"inLanguage\":\"es\",\"potentialAction\":[{\"@type\":\"ReadAction\",\"target\":[\"https:\/\/waracomunicaciones.com\/?p=105\"]}]},{\"@type\":\"ImageObject\",\"inLanguage\":\"es\",\"@id\":\"https:\/\/waracomunicaciones.com\/?p=105#primaryimage\",\"url\":\"https:\/\/waracomunicaciones.com\/wp-content\/uploads\/2025\/07\/tuto-1.webp\",\"contentUrl\":\"https:\/\/waracomunicaciones.com\/wp-content\/uploads\/2025\/07\/tuto-1.webp\",\"width\":720,\"height\":573},{\"@type\":\"BreadcrumbList\",\"@id\":\"https:\/\/waracomunicaciones.com\/?p=105#breadcrumb\",\"itemListElement\":[{\"@type\":\"ListItem\",\"position\":1,\"name\":\"Portada\",\"item\":\"https:\/\/waracomunicaciones.com\/\"},{\"@type\":\"ListItem\",\"position\":2,\"name\":\"Impugnaci\u00f3n contra Tuto Quiroga deriva en la destituci\u00f3n del delegado del FRI y denuncias de irregularidades internas\"}]},{\"@type\":\"WebSite\",\"@id\":\"https:\/\/waracomunicaciones.com\/#website\",\"url\":\"https:\/\/waracomunicaciones.com\/\",\"name\":\"Wara Comunicaciones\",\"description\":\"\",\"publisher\":{\"@id\":\"https:\/\/waracomunicaciones.com\/#organization\"},\"potentialAction\":[{\"@type\":\"SearchAction\",\"target\":{\"@type\":\"EntryPoint\",\"urlTemplate\":\"https:\/\/waracomunicaciones.com\/?s={search_term_string}\"},\"query-input\":{\"@type\":\"PropertyValueSpecification\",\"valueRequired\":true,\"valueName\":\"search_term_string\"}}],\"inLanguage\":\"es\"},{\"@type\":\"Organization\",\"@id\":\"https:\/\/waracomunicaciones.com\/#organization\",\"name\":\"Wara Comunicaciones\",\"url\":\"https:\/\/waracomunicaciones.com\/\",\"logo\":{\"@type\":\"ImageObject\",\"inLanguage\":\"es\",\"@id\":\"https:\/\/waracomunicaciones.com\/#\/schema\/logo\/image\/\",\"url\":\"https:\/\/waracomunicaciones.com\/wp-content\/uploads\/2025\/07\/logo.png\",\"contentUrl\":\"https:\/\/waracomunicaciones.com\/wp-content\/uploads\/2025\/07\/logo.png\",\"width\":400,\"height\":164,\"caption\":\"Wara Comunicaciones\"},\"image\":{\"@id\":\"https:\/\/waracomunicaciones.com\/#\/schema\/logo\/image\/\"},\"sameAs\":[\"https:\/\/www.facebook.com\/waracomunicaciones2017\"]},{\"@type\":\"Person\",\"@id\":\"https:\/\/waracomunicaciones.com\/#\/schema\/person\/e9db934bc91575cc71fe584c5973244a\",\"name\":\"admin\",\"image\":{\"@type\":\"ImageObject\",\"inLanguage\":\"es\",\"@id\":\"https:\/\/waracomunicaciones.com\/#\/schema\/person\/image\/\",\"url\":\"https:\/\/secure.gravatar.com\/avatar\/bf27e9186df568254093afa216f887fece17605302c6ff12f3980422fffa52e6?s=96&d=mm&r=g\",\"contentUrl\":\"https:\/\/secure.gravatar.com\/avatar\/bf27e9186df568254093afa216f887fece17605302c6ff12f3980422fffa52e6?s=96&d=mm&r=g\",\"caption\":\"admin\"},\"sameAs\":[\"https:\/\/waracomunicaciones.com\/wp\"],\"url\":\"https:\/\/waracomunicaciones.com\/?author=1\"}]}<\/script>\n<!-- \/ Yoast SEO Premium plugin. -->","yoast_head_json":{"title":"Impugnaci\u00f3n contra Tuto Quiroga deriva en la destituci\u00f3n del delegado del FRI y denuncias de irregularidades internas - Wara Comunicaciones","robots":{"index":"index","follow":"follow","max-snippet":"max-snippet:-1","max-image-preview":"max-image-preview:large","max-video-preview":"max-video-preview:-1"},"canonical":"https:\/\/waracomunicaciones.com\/?p=105","og_locale":"es_ES","og_type":"article","og_title":"Impugnaci\u00f3n contra Tuto Quiroga deriva en la destituci\u00f3n del delegado del FRI y denuncias de irregularidades internas","og_description":"La Paz, Bolivia \u2013\u00a0La candidatura presidencial de Jorge Tuto Quiroga se encuentra envuelta en una pol\u00e9mica tras la impugnaci\u00f3n presentada por el asamble\u00edsta departamental del MAS, Juan Jos\u00e9 Ru\u00e1 de la Paz. El legislador cuestion\u00f3 la legalidad de la alianza entre el Frente Revolucionario de Izquierda (FRI) y los Dem\u00f3cratas, alegando que esta no fue [&hellip;]","og_url":"https:\/\/waracomunicaciones.com\/?p=105","og_site_name":"Wara Comunicaciones","article_publisher":"https:\/\/www.facebook.com\/waracomunicaciones2017","article_published_time":"2025-07-23T19:21:56+00:00","article_modified_time":"2025-07-24T05:19:21+00:00","og_image":[{"width":720,"height":573,"url":"https:\/\/waracomunicaciones.com\/wp-content\/uploads\/2025\/07\/tuto-1.webp","type":"image\/webp"}],"author":"admin","twitter_card":"summary_large_image","twitter_misc":{"Escrito por":"admin","Tiempo de lectura":"3 minutos"},"schema":{"@context":"https:\/\/schema.org","@graph":[{"@type":"Article","@id":"https:\/\/waracomunicaciones.com\/?p=105#article","isPartOf":{"@id":"https:\/\/waracomunicaciones.com\/?p=105"},"author":{"name":"admin","@id":"https:\/\/waracomunicaciones.com\/#\/schema\/person\/e9db934bc91575cc71fe584c5973244a"},"headline":"Impugnaci\u00f3n contra Tuto Quiroga deriva en la destituci\u00f3n del delegado del FRI y denuncias de irregularidades internas","datePublished":"2025-07-23T19:21:56+00:00","dateModified":"2025-07-24T05:19:21+00:00","mainEntityOfPage":{"@id":"https:\/\/waracomunicaciones.com\/?p=105"},"wordCount":541,"commentCount":0,"publisher":{"@id":"https:\/\/waracomunicaciones.com\/#organization"},"image":{"@id":"https:\/\/waracomunicaciones.com\/?p=105#primaryimage"},"thumbnailUrl":"https:\/\/waracomunicaciones.com\/wp-content\/uploads\/2025\/07\/tuto-1.webp","keywords":["Elecciones Nacionales 2025","Jorge Tuto Quiroga","Pol\u00edtica"],"articleSection":["Pol\u00edtica"],"inLanguage":"es","potentialAction":[{"@type":"CommentAction","name":"Comment","target":["https:\/\/waracomunicaciones.com\/?p=105#respond"]}]},{"@type":"WebPage","@id":"https:\/\/waracomunicaciones.com\/?p=105","url":"https:\/\/waracomunicaciones.com\/?p=105","name":"Impugnaci\u00f3n contra Tuto Quiroga deriva en la destituci\u00f3n del delegado del FRI y denuncias de irregularidades internas - Wara Comunicaciones","isPartOf":{"@id":"https:\/\/waracomunicaciones.com\/#website"},"primaryImageOfPage":{"@id":"https:\/\/waracomunicaciones.com\/?p=105#primaryimage"},"image":{"@id":"https:\/\/waracomunicaciones.com\/?p=105#primaryimage"},"thumbnailUrl":"https:\/\/waracomunicaciones.com\/wp-content\/uploads\/2025\/07\/tuto-1.webp","datePublished":"2025-07-23T19:21:56+00:00","dateModified":"2025-07-24T05:19:21+00:00","breadcrumb":{"@id":"https:\/\/waracomunicaciones.com\/?p=105#breadcrumb"},"inLanguage":"es","potentialAction":[{"@type":"ReadAction","target":["https:\/\/waracomunicaciones.com\/?p=105"]}]},{"@type":"ImageObject","inLanguage":"es","@id":"https:\/\/waracomunicaciones.com\/?p=105#primaryimage","url":"https:\/\/waracomunicaciones.com\/wp-content\/uploads\/2025\/07\/tuto-1.webp","contentUrl":"https:\/\/waracomunicaciones.com\/wp-content\/uploads\/2025\/07\/tuto-1.webp","width":720,"height":573},{"@type":"BreadcrumbList","@id":"https:\/\/waracomunicaciones.com\/?p=105#breadcrumb","itemListElement":[{"@type":"ListItem","position":1,"name":"Portada","item":"https:\/\/waracomunicaciones.com\/"},{"@type":"ListItem","position":2,"name":"Impugnaci\u00f3n contra Tuto Quiroga deriva en la destituci\u00f3n del delegado del FRI y denuncias de irregularidades internas"}]},{"@type":"WebSite","@id":"https:\/\/waracomunicaciones.com\/#website","url":"https:\/\/waracomunicaciones.com\/","name":"Wara Comunicaciones","description":"","publisher":{"@id":"https:\/\/waracomunicaciones.com\/#organization"},"potentialAction":[{"@type":"SearchAction","target":{"@type":"EntryPoint","urlTemplate":"https:\/\/waracomunicaciones.com\/?s={search_term_string}"},"query-input":{"@type":"PropertyValueSpecification","valueRequired":true,"valueName":"search_term_string"}}],"inLanguage":"es"},{"@type":"Organization","@id":"https:\/\/waracomunicaciones.com\/#organization","name":"Wara Comunicaciones","url":"https:\/\/waracomunicaciones.com\/","logo":{"@type":"ImageObject","inLanguage":"es","@id":"https:\/\/waracomunicaciones.com\/#\/schema\/logo\/image\/","url":"https:\/\/waracomunicaciones.com\/wp-content\/uploads\/2025\/07\/logo.png","contentUrl":"https:\/\/waracomunicaciones.com\/wp-content\/uploads\/2025\/07\/logo.png","width":400,"height":164,"caption":"Wara Comunicaciones"},"image":{"@id":"https:\/\/waracomunicaciones.com\/#\/schema\/logo\/image\/"},"sameAs":["https:\/\/www.facebook.com\/waracomunicaciones2017"]},{"@type":"Person","@id":"https:\/\/waracomunicaciones.com\/#\/schema\/person\/e9db934bc91575cc71fe584c5973244a","name":"admin","image":{"@type":"ImageObject","inLanguage":"es","@id":"https:\/\/waracomunicaciones.com\/#\/schema\/person\/image\/","url":"https:\/\/secure.gravatar.com\/avatar\/bf27e9186df568254093afa216f887fece17605302c6ff12f3980422fffa52e6?s=96&d=mm&r=g","contentUrl":"https:\/\/secure.gravatar.com\/avatar\/bf27e9186df568254093afa216f887fece17605302c6ff12f3980422fffa52e6?s=96&d=mm&r=g","caption":"admin"},"sameAs":["https:\/\/waracomunicaciones.com\/wp"],"url":"https:\/\/waracomunicaciones.com\/?author=1"}]}},"_links":{"self":[{"href":"https:\/\/waracomunicaciones.com\/index.php?rest_route=\/wp\/v2\/posts\/105","targetHints":{"allow":["GET"]}}],"collection":[{"href":"https:\/\/waracomunicaciones.com\/index.php?rest_route=\/wp\/v2\/posts"}],"about":[{"href":"https:\/\/waracomunicaciones.com\/index.php?rest_route=\/wp\/v2\/types\/post"}],"author":[{"embeddable":true,"href":"https:\/\/waracomunicaciones.com\/index.php?rest_route=\/wp\/v2\/users\/1"}],"replies":[{"embeddable":true,"href":"https:\/\/waracomunicaciones.com\/index.php?rest_route=%2Fwp%2Fv2%2Fcomments&post=105"}],"version-history":[{"count":1,"href":"https:\/\/waracomunicaciones.com\/index.php?rest_route=\/wp\/v2\/posts\/105\/revisions"}],"predecessor-version":[{"id":107,"href":"https:\/\/waracomunicaciones.com\/index.php?rest_route=\/wp\/v2\/posts\/105\/revisions\/107"}],"wp:featuredmedia":[{"embeddable":true,"href":"https:\/\/waracomunicaciones.com\/index.php?rest_route=\/wp\/v2\/media\/106"}],"wp:attachment":[{"href":"https:\/\/waracomunicaciones.com\/index.php?rest_route=%2Fwp%2Fv2%2Fmedia&parent=105"}],"wp:term":[{"taxonomy":"category","embeddable":true,"href":"https:\/\/waracomunicaciones.com\/index.php?rest_route=%2Fwp%2Fv2%2Fcategories&post=105"},{"taxonomy":"post_tag","embeddable":true,"href":"https:\/\/waracomunicaciones.com\/index.php?rest_route=%2Fwp%2Fv2%2Ftags&post=105"}],"curies":[{"name":"wp","href":"https:\/\/api.w.org\/{rel}","templated":true}]}}