{"id":102,"date":"2025-07-23T13:10:40","date_gmt":"2025-07-23T17:10:40","guid":{"rendered":"https:\/\/waracomunicaciones.com\/wp\/?p=102"},"modified":"2025-07-24T01:39:23","modified_gmt":"2025-07-24T05:39:23","slug":"montero-supera-los-36-millones-en-recaudaciones-y-proyecta-cerrar-la-gestion-con-60-millones-de-bolivianos","status":"publish","type":"post","link":"https:\/\/waracomunicaciones.com\/?p=102","title":{"rendered":"Montero supera los 36 millones en recaudaciones y proyecta cerrar la gesti\u00f3n con 60 millones de bolivianos"},"content":{"rendered":"\n<figure class=\"wp-block-image size-full\"><img loading=\"lazy\" decoding=\"async\" width=\"750\" height=\"497\" src=\"https:\/\/waracomunicaciones.com\/wp\/wp-content\/uploads\/2025\/07\/reee.webp\" alt=\"\" class=\"wp-image-103\" srcset=\"https:\/\/waracomunicaciones.com\/wp-content\/uploads\/2025\/07\/reee.webp 750w, https:\/\/waracomunicaciones.com\/wp-content\/uploads\/2025\/07\/reee-300x199.webp 300w\" sizes=\"auto, (max-width: 750px) 100vw, 750px\" \/><\/figure>\n\n\n<div class=\"itemIntroText\">\n<p><strong><b>Montero,\u00a0<\/b><\/strong>\u00a0\u2013 La Direcci\u00f3n Municipal de Recaudaciones de Montero contin\u00faa mostrando resultados positivos. A poco de cerrar el mes de julio, la gesti\u00f3n 2025 ya supera en aproximadamente\u00a0<strong><b>11 millones de bolivianos<\/b><\/strong>\u00a0a lo recaudado en el mismo periodo del a\u00f1o anterior. As\u00ed lo confirm\u00f3 el Lic.\u00a0<strong><b>Ramiro Herrera<\/b><\/strong>\u00a0director municipal de recaudaciones, quien destac\u00f3 el esfuerzo del contribuyente en medio de una coyuntura econ\u00f3mica dif\u00edcil.<\/p>\n<\/div>\n<p><!--more--><\/p>\n<div class=\"itemFullText\">\n<p>\u201cAgradecemos profundamente a la ciudadan\u00eda por cumplir con sus obligaciones tributarias. Este a\u00f1o hemos superado ampliamente las cifras anteriores y proyectamos llegar a\u00a0<strong><b>60 millones de bolivianos<\/b><\/strong>\u00a0al cierre de la gesti\u00f3n\u201d, expres\u00f3 Herrra en entrevista con Wara Comunicaciones.<\/p>\n<p><strong><b>Facilidades para el contribuyente y normativas vigentes<\/b><\/strong><\/p>\n<p>El director explic\u00f3 que actualmente est\u00e1n en vigencia descuentos por pronto pago. Hasta el\u00a0<strong><b>31 de julio<\/b><\/strong>, los contribuyentes pueden beneficiarse de un\u00a0<strong><b>10% de descuento<\/b><\/strong>\u00a0en el pago de impuestos de inmuebles y veh\u00edculos correspondientes a la gesti\u00f3n 2024, y un\u00a0<strong><b>20% en actividades econ\u00f3micas con licencia de funcionamiento<\/b><\/strong>.<\/p>\n<p>Adem\u00e1s, resalt\u00f3 la implementaci\u00f3n de la\u00a0<strong><b>Ley Municipal 304<\/b><\/strong>, que permite a los propietarios de veh\u00edculos nuevos pagar impuestos solo por el tiempo proporcional desde su registro, y no por toda la gesti\u00f3n fiscal, como sucede en otros municipios.<\/p>\n<p><strong><b>Modernizaci\u00f3n de infraestructura y gesti\u00f3n interna<\/b><\/strong><\/p>\n<p>La Direcci\u00f3n de Recaudaciones tambi\u00e9n ha experimentado un cambio f\u00edsico notable. Las nuevas instalaciones cuentan con\u00a0<strong><b>puertas autom\u00e1ticas y mejoras est\u00e9ticas<\/b><\/strong>, optimizando la atenci\u00f3n al ciudadano. Actualmente, el equipo est\u00e1 compuesto por\u00a0<strong><b>38 funcionarios<\/b><\/strong>, incluyendo operadores, fiscalizadores y personal administrativo, adem\u00e1s de ocho guardias asignados al cementerio municipal.<\/p>\n<p>En cuanto a sistemas de control, Herrera explic\u00f3 que se ha incorporado un\u00a0<strong><b>sistema de monitoreo interno<\/b><\/strong>, que permite saber en tiempo real el trabajo y desplazamiento de los fiscalizadores. Todo el proceso de cobro est\u00e1 integrado al sistema\u00a0<strong><b>RUA<\/b><\/strong>, lo que garantiza transparencia y control en cada transacci\u00f3n.<\/p>\n<p><strong><b>Transparencia, retos y percepci\u00f3n ciudadana<\/b><\/strong><\/p>\n<p>Pese a los avances, el director reconoci\u00f3 que\u00a0<strong><b>a\u00fan hay desaf\u00edos<\/b><\/strong>, especialmente en lo referente a la\u00a0<strong><b>percepci\u00f3n de la poblaci\u00f3n sobre el destino de los impuestos<\/b><\/strong>. La falta de informaci\u00f3n clara y accesible sobre el uso de los recursos p\u00fablicos genera desconfianza.<\/p>\n<p>\u201cEstamos trabajando para mejorar la transparencia. Toda la recaudaci\u00f3n entra directamente a las cuentas del municipio y estamos implementando pagos v\u00eda QR e incluso\u00a0<strong><b>ATM m\u00f3viles<\/b><\/strong>, que facilitar\u00e1n la cancelaci\u00f3n de multas y otros tributos sin necesidad de hacer largas filas\u201d, asegur\u00f3.<\/p>\n<p>Tambi\u00e9n se\u00f1al\u00f3 la necesidad de\u00a0<strong><b>fortalecer el catastro urbano digital<\/b><\/strong>\u00a0y dotar de mayor tecnolog\u00eda a la instituci\u00f3n. \u201cSo\u00f1amos con tener un sistema como el de Santa Cruz, que desde el escritorio pueda identificar construcciones no declaradas. Pero necesitamos inversi\u00f3n\u201d, coment\u00f3 Herrera.<\/p>\n<p><strong><b>Fiscalizaci\u00f3n y registro en crecimiento<\/b><\/strong><\/p>\n<p>El municipio viene realizando constantes operativos de fiscalizaci\u00f3n y\u00a0<strong><b>actualizaci\u00f3n de datos<\/b><\/strong>, logrando registrar diariamente\u00a0<strong><b>alrededor de 50 motocicletas<\/b><\/strong>\u00a0y un n\u00famero considerable de veh\u00edculos de cuatro ruedas. Tambi\u00e9n se ampli\u00f3 el registro de actividades econ\u00f3micas e inmuebles.<\/p>\n<p>\u201cA pesar de la crisis, la gente sigue comprando veh\u00edculos y registr\u00e1ndolos en Montero. Esto refleja tambi\u00e9n la confianza que se ha generado a trav\u00e9s de normas claras y beneficios reales al contribuyente\u201d, subray\u00f3 Herrera<\/p>\n<p><strong><b>Vocaci\u00f3n de servicio y compromiso institucional<\/b><\/strong><\/p>\n<p>Finalmente, Herrera, quien proviene del \u00e1mbito privado y de auditor\u00eda, expres\u00f3 su compromiso con la poblaci\u00f3n y la gesti\u00f3n p\u00fablica:<\/p>\n<p>\u201cEs la primera vez que asumo un cargo de atenci\u00f3n directa al p\u00fablico y me ha permitido desarrollar una vocaci\u00f3n de servicio que quiz\u00e1s ten\u00eda dormida. Aqu\u00ed estamos para servir, no para mandar\u201d, concluy\u00f3.<\/p>\n<\/div><div style=\"margin-top: 0px; margin-bottom: 0px;\" class=\"sharethis-inline-reaction-buttons\" ><\/div>","protected":false},"excerpt":{"rendered":"<p>Montero,\u00a0\u00a0\u2013 La Direcci\u00f3n Municipal de Recaudaciones de Montero contin\u00faa mostrando resultados positivos. A poco de cerrar el mes de julio, la gesti\u00f3n 2025 ya supera en aproximadamente\u00a011 millones de bolivianos\u00a0a lo recaudado en el mismo periodo del a\u00f1o anterior. As\u00ed lo confirm\u00f3 el Lic.\u00a0Ramiro Herrera\u00a0director municipal de recaudaciones, quien destac\u00f3 el esfuerzo del contribuyente en [&hellip;]<\/p>\n","protected":false},"author":1,"featured_media":103,"comment_status":"open","ping_status":"open","sticky":false,"template":"","format":"standard","meta":{"footnotes":""},"categories":[46],"tags":[19,26],"class_list":["post-102","post","type-post","status-publish","format-standard","has-post-thumbnail","hentry","category-economia","tag-montero","tag-recaudaciones"],"yoast_head":"<!-- This site is optimized with the Yoast SEO Premium plugin v25.5 (Yoast SEO v27.1.1) - https:\/\/yoast.com\/product\/yoast-seo-premium-wordpress\/ -->\n<title>Montero supera los 36 millones en recaudaciones y proyecta cerrar la gesti\u00f3n con 60 millones de bolivianos - Wara Comunicaciones<\/title>\n<meta name=\"robots\" content=\"index, follow, max-snippet:-1, max-image-preview:large, max-video-preview:-1\" \/>\n<link rel=\"canonical\" href=\"https:\/\/waracomunicaciones.com\/?p=102\" \/>\n<meta property=\"og:locale\" content=\"es_ES\" \/>\n<meta property=\"og:type\" content=\"article\" \/>\n<meta property=\"og:title\" content=\"Montero supera los 36 millones en recaudaciones y proyecta cerrar la gesti\u00f3n con 60 millones de bolivianos\" \/>\n<meta property=\"og:description\" content=\"Montero,\u00a0\u00a0\u2013 La Direcci\u00f3n Municipal de Recaudaciones de Montero contin\u00faa mostrando resultados positivos. A poco de cerrar el mes de julio, la gesti\u00f3n 2025 ya supera en aproximadamente\u00a011 millones de bolivianos\u00a0a lo recaudado en el mismo periodo del a\u00f1o anterior. As\u00ed lo confirm\u00f3 el Lic.\u00a0Ramiro Herrera\u00a0director municipal de recaudaciones, quien destac\u00f3 el esfuerzo del contribuyente en [&hellip;]\" \/>\n<meta property=\"og:url\" content=\"https:\/\/waracomunicaciones.com\/?p=102\" \/>\n<meta property=\"og:site_name\" content=\"Wara Comunicaciones\" \/>\n<meta property=\"article:publisher\" content=\"https:\/\/www.facebook.com\/waracomunicaciones2017\" \/>\n<meta property=\"article:published_time\" content=\"2025-07-23T17:10:40+00:00\" \/>\n<meta property=\"article:modified_time\" content=\"2025-07-24T05:39:23+00:00\" \/>\n<meta property=\"og:image\" content=\"https:\/\/waracomunicaciones.com\/wp-content\/uploads\/2025\/07\/reee.webp\" \/>\n\t<meta property=\"og:image:width\" content=\"750\" \/>\n\t<meta property=\"og:image:height\" content=\"497\" \/>\n\t<meta property=\"og:image:type\" content=\"image\/webp\" \/>\n<meta name=\"author\" content=\"admin\" \/>\n<meta name=\"twitter:card\" content=\"summary_large_image\" \/>\n<meta name=\"twitter:label1\" content=\"Escrito por\" \/>\n\t<meta name=\"twitter:data1\" content=\"admin\" \/>\n\t<meta name=\"twitter:label2\" content=\"Tiempo de lectura\" \/>\n\t<meta name=\"twitter:data2\" content=\"3 minutos\" \/>\n<script type=\"application\/ld+json\" class=\"yoast-schema-graph\">{\"@context\":\"https:\/\/schema.org\",\"@graph\":[{\"@type\":\"Article\",\"@id\":\"https:\/\/waracomunicaciones.com\/?p=102#article\",\"isPartOf\":{\"@id\":\"https:\/\/waracomunicaciones.com\/?p=102\"},\"author\":{\"name\":\"admin\",\"@id\":\"https:\/\/waracomunicaciones.com\/#\/schema\/person\/e9db934bc91575cc71fe584c5973244a\"},\"headline\":\"Montero supera los 36 millones en recaudaciones y proyecta cerrar la gesti\u00f3n con 60 millones de bolivianos\",\"datePublished\":\"2025-07-23T17:10:40+00:00\",\"dateModified\":\"2025-07-24T05:39:23+00:00\",\"mainEntityOfPage\":{\"@id\":\"https:\/\/waracomunicaciones.com\/?p=102\"},\"wordCount\":645,\"commentCount\":0,\"publisher\":{\"@id\":\"https:\/\/waracomunicaciones.com\/#organization\"},\"image\":{\"@id\":\"https:\/\/waracomunicaciones.com\/?p=102#primaryimage\"},\"thumbnailUrl\":\"https:\/\/waracomunicaciones.com\/wp-content\/uploads\/2025\/07\/reee.webp\",\"keywords\":[\"Montero\",\"Recaudaciones\"],\"articleSection\":[\"Econom\u00eda\"],\"inLanguage\":\"es\",\"potentialAction\":[{\"@type\":\"CommentAction\",\"name\":\"Comment\",\"target\":[\"https:\/\/waracomunicaciones.com\/?p=102#respond\"]}]},{\"@type\":\"WebPage\",\"@id\":\"https:\/\/waracomunicaciones.com\/?p=102\",\"url\":\"https:\/\/waracomunicaciones.com\/?p=102\",\"name\":\"Montero supera los 36 millones en recaudaciones y proyecta cerrar la gesti\u00f3n con 60 millones de bolivianos - Wara Comunicaciones\",\"isPartOf\":{\"@id\":\"https:\/\/waracomunicaciones.com\/#website\"},\"primaryImageOfPage\":{\"@id\":\"https:\/\/waracomunicaciones.com\/?p=102#primaryimage\"},\"image\":{\"@id\":\"https:\/\/waracomunicaciones.com\/?p=102#primaryimage\"},\"thumbnailUrl\":\"https:\/\/waracomunicaciones.com\/wp-content\/uploads\/2025\/07\/reee.webp\",\"datePublished\":\"2025-07-23T17:10:40+00:00\",\"dateModified\":\"2025-07-24T05:39:23+00:00\",\"breadcrumb\":{\"@id\":\"https:\/\/waracomunicaciones.com\/?p=102#breadcrumb\"},\"inLanguage\":\"es\",\"potentialAction\":[{\"@type\":\"ReadAction\",\"target\":[\"https:\/\/waracomunicaciones.com\/?p=102\"]}]},{\"@type\":\"ImageObject\",\"inLanguage\":\"es\",\"@id\":\"https:\/\/waracomunicaciones.com\/?p=102#primaryimage\",\"url\":\"https:\/\/waracomunicaciones.com\/wp-content\/uploads\/2025\/07\/reee.webp\",\"contentUrl\":\"https:\/\/waracomunicaciones.com\/wp-content\/uploads\/2025\/07\/reee.webp\",\"width\":750,\"height\":497},{\"@type\":\"BreadcrumbList\",\"@id\":\"https:\/\/waracomunicaciones.com\/?p=102#breadcrumb\",\"itemListElement\":[{\"@type\":\"ListItem\",\"position\":1,\"name\":\"Portada\",\"item\":\"https:\/\/waracomunicaciones.com\/\"},{\"@type\":\"ListItem\",\"position\":2,\"name\":\"Montero supera los 36 millones en recaudaciones y proyecta cerrar la gesti\u00f3n con 60 millones de bolivianos\"}]},{\"@type\":\"WebSite\",\"@id\":\"https:\/\/waracomunicaciones.com\/#website\",\"url\":\"https:\/\/waracomunicaciones.com\/\",\"name\":\"Wara Comunicaciones\",\"description\":\"\",\"publisher\":{\"@id\":\"https:\/\/waracomunicaciones.com\/#organization\"},\"potentialAction\":[{\"@type\":\"SearchAction\",\"target\":{\"@type\":\"EntryPoint\",\"urlTemplate\":\"https:\/\/waracomunicaciones.com\/?s={search_term_string}\"},\"query-input\":{\"@type\":\"PropertyValueSpecification\",\"valueRequired\":true,\"valueName\":\"search_term_string\"}}],\"inLanguage\":\"es\"},{\"@type\":\"Organization\",\"@id\":\"https:\/\/waracomunicaciones.com\/#organization\",\"name\":\"Wara Comunicaciones\",\"url\":\"https:\/\/waracomunicaciones.com\/\",\"logo\":{\"@type\":\"ImageObject\",\"inLanguage\":\"es\",\"@id\":\"https:\/\/waracomunicaciones.com\/#\/schema\/logo\/image\/\",\"url\":\"https:\/\/waracomunicaciones.com\/wp-content\/uploads\/2025\/07\/logo.png\",\"contentUrl\":\"https:\/\/waracomunicaciones.com\/wp-content\/uploads\/2025\/07\/logo.png\",\"width\":400,\"height\":164,\"caption\":\"Wara Comunicaciones\"},\"image\":{\"@id\":\"https:\/\/waracomunicaciones.com\/#\/schema\/logo\/image\/\"},\"sameAs\":[\"https:\/\/www.facebook.com\/waracomunicaciones2017\"]},{\"@type\":\"Person\",\"@id\":\"https:\/\/waracomunicaciones.com\/#\/schema\/person\/e9db934bc91575cc71fe584c5973244a\",\"name\":\"admin\",\"image\":{\"@type\":\"ImageObject\",\"inLanguage\":\"es\",\"@id\":\"https:\/\/waracomunicaciones.com\/#\/schema\/person\/image\/\",\"url\":\"https:\/\/secure.gravatar.com\/avatar\/bf27e9186df568254093afa216f887fece17605302c6ff12f3980422fffa52e6?s=96&d=mm&r=g\",\"contentUrl\":\"https:\/\/secure.gravatar.com\/avatar\/bf27e9186df568254093afa216f887fece17605302c6ff12f3980422fffa52e6?s=96&d=mm&r=g\",\"caption\":\"admin\"},\"sameAs\":[\"https:\/\/waracomunicaciones.com\/wp\"],\"url\":\"https:\/\/waracomunicaciones.com\/?author=1\"}]}<\/script>\n<!-- \/ Yoast SEO Premium plugin. -->","yoast_head_json":{"title":"Montero supera los 36 millones en recaudaciones y proyecta cerrar la gesti\u00f3n con 60 millones de bolivianos - Wara Comunicaciones","robots":{"index":"index","follow":"follow","max-snippet":"max-snippet:-1","max-image-preview":"max-image-preview:large","max-video-preview":"max-video-preview:-1"},"canonical":"https:\/\/waracomunicaciones.com\/?p=102","og_locale":"es_ES","og_type":"article","og_title":"Montero supera los 36 millones en recaudaciones y proyecta cerrar la gesti\u00f3n con 60 millones de bolivianos","og_description":"Montero,\u00a0\u00a0\u2013 La Direcci\u00f3n Municipal de Recaudaciones de Montero contin\u00faa mostrando resultados positivos. A poco de cerrar el mes de julio, la gesti\u00f3n 2025 ya supera en aproximadamente\u00a011 millones de bolivianos\u00a0a lo recaudado en el mismo periodo del a\u00f1o anterior. As\u00ed lo confirm\u00f3 el Lic.\u00a0Ramiro Herrera\u00a0director municipal de recaudaciones, quien destac\u00f3 el esfuerzo del contribuyente en [&hellip;]","og_url":"https:\/\/waracomunicaciones.com\/?p=102","og_site_name":"Wara Comunicaciones","article_publisher":"https:\/\/www.facebook.com\/waracomunicaciones2017","article_published_time":"2025-07-23T17:10:40+00:00","article_modified_time":"2025-07-24T05:39:23+00:00","og_image":[{"width":750,"height":497,"url":"https:\/\/waracomunicaciones.com\/wp-content\/uploads\/2025\/07\/reee.webp","type":"image\/webp"}],"author":"admin","twitter_card":"summary_large_image","twitter_misc":{"Escrito por":"admin","Tiempo de lectura":"3 minutos"},"schema":{"@context":"https:\/\/schema.org","@graph":[{"@type":"Article","@id":"https:\/\/waracomunicaciones.com\/?p=102#article","isPartOf":{"@id":"https:\/\/waracomunicaciones.com\/?p=102"},"author":{"name":"admin","@id":"https:\/\/waracomunicaciones.com\/#\/schema\/person\/e9db934bc91575cc71fe584c5973244a"},"headline":"Montero supera los 36 millones en recaudaciones y proyecta cerrar la gesti\u00f3n con 60 millones de bolivianos","datePublished":"2025-07-23T17:10:40+00:00","dateModified":"2025-07-24T05:39:23+00:00","mainEntityOfPage":{"@id":"https:\/\/waracomunicaciones.com\/?p=102"},"wordCount":645,"commentCount":0,"publisher":{"@id":"https:\/\/waracomunicaciones.com\/#organization"},"image":{"@id":"https:\/\/waracomunicaciones.com\/?p=102#primaryimage"},"thumbnailUrl":"https:\/\/waracomunicaciones.com\/wp-content\/uploads\/2025\/07\/reee.webp","keywords":["Montero","Recaudaciones"],"articleSection":["Econom\u00eda"],"inLanguage":"es","potentialAction":[{"@type":"CommentAction","name":"Comment","target":["https:\/\/waracomunicaciones.com\/?p=102#respond"]}]},{"@type":"WebPage","@id":"https:\/\/waracomunicaciones.com\/?p=102","url":"https:\/\/waracomunicaciones.com\/?p=102","name":"Montero supera los 36 millones en recaudaciones y proyecta cerrar la gesti\u00f3n con 60 millones de bolivianos - Wara Comunicaciones","isPartOf":{"@id":"https:\/\/waracomunicaciones.com\/#website"},"primaryImageOfPage":{"@id":"https:\/\/waracomunicaciones.com\/?p=102#primaryimage"},"image":{"@id":"https:\/\/waracomunicaciones.com\/?p=102#primaryimage"},"thumbnailUrl":"https:\/\/waracomunicaciones.com\/wp-content\/uploads\/2025\/07\/reee.webp","datePublished":"2025-07-23T17:10:40+00:00","dateModified":"2025-07-24T05:39:23+00:00","breadcrumb":{"@id":"https:\/\/waracomunicaciones.com\/?p=102#breadcrumb"},"inLanguage":"es","potentialAction":[{"@type":"ReadAction","target":["https:\/\/waracomunicaciones.com\/?p=102"]}]},{"@type":"ImageObject","inLanguage":"es","@id":"https:\/\/waracomunicaciones.com\/?p=102#primaryimage","url":"https:\/\/waracomunicaciones.com\/wp-content\/uploads\/2025\/07\/reee.webp","contentUrl":"https:\/\/waracomunicaciones.com\/wp-content\/uploads\/2025\/07\/reee.webp","width":750,"height":497},{"@type":"BreadcrumbList","@id":"https:\/\/waracomunicaciones.com\/?p=102#breadcrumb","itemListElement":[{"@type":"ListItem","position":1,"name":"Portada","item":"https:\/\/waracomunicaciones.com\/"},{"@type":"ListItem","position":2,"name":"Montero supera los 36 millones en recaudaciones y proyecta cerrar la gesti\u00f3n con 60 millones de bolivianos"}]},{"@type":"WebSite","@id":"https:\/\/waracomunicaciones.com\/#website","url":"https:\/\/waracomunicaciones.com\/","name":"Wara Comunicaciones","description":"","publisher":{"@id":"https:\/\/waracomunicaciones.com\/#organization"},"potentialAction":[{"@type":"SearchAction","target":{"@type":"EntryPoint","urlTemplate":"https:\/\/waracomunicaciones.com\/?s={search_term_string}"},"query-input":{"@type":"PropertyValueSpecification","valueRequired":true,"valueName":"search_term_string"}}],"inLanguage":"es"},{"@type":"Organization","@id":"https:\/\/waracomunicaciones.com\/#organization","name":"Wara Comunicaciones","url":"https:\/\/waracomunicaciones.com\/","logo":{"@type":"ImageObject","inLanguage":"es","@id":"https:\/\/waracomunicaciones.com\/#\/schema\/logo\/image\/","url":"https:\/\/waracomunicaciones.com\/wp-content\/uploads\/2025\/07\/logo.png","contentUrl":"https:\/\/waracomunicaciones.com\/wp-content\/uploads\/2025\/07\/logo.png","width":400,"height":164,"caption":"Wara Comunicaciones"},"image":{"@id":"https:\/\/waracomunicaciones.com\/#\/schema\/logo\/image\/"},"sameAs":["https:\/\/www.facebook.com\/waracomunicaciones2017"]},{"@type":"Person","@id":"https:\/\/waracomunicaciones.com\/#\/schema\/person\/e9db934bc91575cc71fe584c5973244a","name":"admin","image":{"@type":"ImageObject","inLanguage":"es","@id":"https:\/\/waracomunicaciones.com\/#\/schema\/person\/image\/","url":"https:\/\/secure.gravatar.com\/avatar\/bf27e9186df568254093afa216f887fece17605302c6ff12f3980422fffa52e6?s=96&d=mm&r=g","contentUrl":"https:\/\/secure.gravatar.com\/avatar\/bf27e9186df568254093afa216f887fece17605302c6ff12f3980422fffa52e6?s=96&d=mm&r=g","caption":"admin"},"sameAs":["https:\/\/waracomunicaciones.com\/wp"],"url":"https:\/\/waracomunicaciones.com\/?author=1"}]}},"_links":{"self":[{"href":"https:\/\/waracomunicaciones.com\/index.php?rest_route=\/wp\/v2\/posts\/102","targetHints":{"allow":["GET"]}}],"collection":[{"href":"https:\/\/waracomunicaciones.com\/index.php?rest_route=\/wp\/v2\/posts"}],"about":[{"href":"https:\/\/waracomunicaciones.com\/index.php?rest_route=\/wp\/v2\/types\/post"}],"author":[{"embeddable":true,"href":"https:\/\/waracomunicaciones.com\/index.php?rest_route=\/wp\/v2\/users\/1"}],"replies":[{"embeddable":true,"href":"https:\/\/waracomunicaciones.com\/index.php?rest_route=%2Fwp%2Fv2%2Fcomments&post=102"}],"version-history":[{"count":2,"href":"https:\/\/waracomunicaciones.com\/index.php?rest_route=\/wp\/v2\/posts\/102\/revisions"}],"predecessor-version":[{"id":134,"href":"https:\/\/waracomunicaciones.com\/index.php?rest_route=\/wp\/v2\/posts\/102\/revisions\/134"}],"wp:featuredmedia":[{"embeddable":true,"href":"https:\/\/waracomunicaciones.com\/index.php?rest_route=\/wp\/v2\/media\/103"}],"wp:attachment":[{"href":"https:\/\/waracomunicaciones.com\/index.php?rest_route=%2Fwp%2Fv2%2Fmedia&parent=102"}],"wp:term":[{"taxonomy":"category","embeddable":true,"href":"https:\/\/waracomunicaciones.com\/index.php?rest_route=%2Fwp%2Fv2%2Fcategories&post=102"},{"taxonomy":"post_tag","embeddable":true,"href":"https:\/\/waracomunicaciones.com\/index.php?rest_route=%2Fwp%2Fv2%2Ftags&post=102"}],"curies":[{"name":"wp","href":"https:\/\/api.w.org\/{rel}","templated":true}]}}